{"id":231454,"date":"2022-05-01T11:04:17","date_gmt":"2022-05-01T08:04:17","guid":{"rendered":"http:\/\/107.6.182.27\/es\/?p=231454"},"modified":"2023-01-10T16:19:27","modified_gmt":"2023-01-10T14:19:27","slug":"minuto-a-minuto67-dias-de-la-operacion-especial-rusa-en-ucrania","status":"publish","type":"post","link":"https:\/\/archive.sana.sy\/es\/?p=231454","title":{"rendered":"Minuto a Minuto\u202667 d\u00edas de la operaci\u00f3n especial rusa en Ucrania"},"content":{"rendered":"<p style=\"text-align: justify;\"><strong><span style=\"color: #800000;\">Mosc\u00fa, 01 may (SANA)\u00a0<\/span> <\/strong> \u00a0\u00a0????????Kiev prepara una brutal provocaci\u00f3n mediante la perpetraci\u00f3n de un bombardeo contra los civiles que ser\u00e1n evacuados de J\u00e1rkov para culpar al ej\u00e9rcito ruso.<\/p>\n<p style=\"text-align: justify;\">????????EEUU utiliza a Kiev contra Rusia como \u201cmaterial desechable de un solo uso\u201d, afirma Mosc\u00fa.<\/p>\n<p style=\"text-align: justify;\">????????Ministerio de Emergencias de Rusia: m\u00e1s de 7.000 empleados y jubilados recibieron sus salarios en las regiones liberadas de Ucrania.<\/p>\n<p style=\"text-align: justify;\">????????Ministerio de Defensa ruso: un puesto de mando ucraniano y veh\u00edculos blindados destruidos.<\/p>\n<p style=\"text-align: justify;\">Nota en desarrollo&#8230;..<\/p>\n","protected":false},"excerpt":{"rendered":"<p>Mosc\u00fa, 01 may (SANA)\u00a0 \u00a0\u00a0????????Kiev prepara una brutal provocaci\u00f3n mediante la perpetraci\u00f3n de un bombardeo contra los civiles que ser\u00e1n evacuados de J\u00e1rkov para culpar al ej\u00e9rcito ruso. ????????EEUU utiliza a Kiev contra Rusia como \u201cmaterial desechable de un solo uso\u201d, afirma Mosc\u00fa. ????????Ministerio de Emergencias de Rusia: m\u00e1s de 7.000 empleados y jubilados recibieron &hellip;<\/p>\n","protected":false},"author":32,"featured_media":231455,"comment_status":"closed","ping_status":"closed","sticky":false,"template":"","format":"standard","meta":{"footnotes":""},"categories":[597,456,7541],"tags":[],"class_list":["post-231454","post","type-post","status-publish","format-standard","has-post-thumbnail","","category-cinta-de-noticias","category-arabe-internacional-politica","category-ultimas-noticias"],"_links":{"self":[{"href":"https:\/\/archive.sana.sy\/es\/index.php?rest_route=\/wp\/v2\/posts\/231454"}],"collection":[{"href":"https:\/\/archive.sana.sy\/es\/index.php?rest_route=\/wp\/v2\/posts"}],"about":[{"href":"https:\/\/archive.sana.sy\/es\/index.php?rest_route=\/wp\/v2\/types\/post"}],"author":[{"embeddable":true,"href":"https:\/\/archive.sana.sy\/es\/index.php?rest_route=\/wp\/v2\/users\/32"}],"replies":[{"embeddable":true,"href":"https:\/\/archive.sana.sy\/es\/index.php?rest_route=%2Fwp%2Fv2%2Fcomments&post=231454"}],"version-history":[{"count":0,"href":"https:\/\/archive.sana.sy\/es\/index.php?rest_route=\/wp\/v2\/posts\/231454\/revisions"}],"wp:featuredmedia":[{"embeddable":true,"href":"https:\/\/archive.sana.sy\/es\/index.php?rest_route=\/wp\/v2\/media\/231455"}],"wp:attachment":[{"href":"https:\/\/archive.sana.sy\/es\/index.php?rest_route=%2Fwp%2Fv2%2Fmedia&parent=231454"}],"wp:term":[{"taxonomy":"category","embeddable":true,"href":"https:\/\/archive.sana.sy\/es\/index.php?rest_route=%2Fwp%2Fv2%2Fcategories&post=231454"},{"taxonomy":"post_tag","embeddable":true,"href":"https:\/\/archive.sana.sy\/es\/index.php?rest_route=%2Fwp%2Fv2%2Ftags&post=231454"}],"curies":[{"name":"wp","href":"https:\/\/api.w.org\/{rel}","templated":true}]}}