{"id":23147,"date":"2015-05-12T22:20:43","date_gmt":"2015-05-12T19:20:43","guid":{"rendered":"http:\/\/sana.sy\/es\/?p=23147"},"modified":"2023-01-09T14:10:10","modified_gmt":"2023-01-09T12:10:10","slug":"terremoto-en-idleb","status":"publish","type":"post","link":"https:\/\/archive.sana.sy\/es\/?p=23147","title":{"rendered":"Terremoto en Idleb"},"content":{"rendered":"<p><span style=\"color: #0000ff\">Idleb-SANA<\/span><\/p>\n<p style=\"text-align: justify\">La tierra ha temblado hoy al oeste de la provincia de Idleb. Seg\u00fan ha informado el Centro Sismol\u00f3gico Nacional, el se\u00edsmo es de magnitud 3,1 en la escala Richter, a 11 kil\u00f3metros al oeste de la ciudad de Idleb, se registr\u00f3 a las (18:28 hora local).<\/p>\n<p><span style=\"color: #800000\">M.Miri, Riad.Sh<\/span><\/p>\n","protected":false},"excerpt":{"rendered":"<p>Idleb-SANA La tierra ha temblado hoy al oeste de la provincia de Idleb. Seg\u00fan ha informado el Centro Sismol\u00f3gico Nacional, el se\u00edsmo es de magnitud 3,1 en la escala Richter, a 11 kil\u00f3metros al oeste de la ciudad de Idleb, se registr\u00f3 a las (18:28 hora local). M.Miri, Riad.Sh<\/p>\n","protected":false},"author":1,"featured_media":23148,"comment_status":"closed","ping_status":"closed","sticky":false,"template":"","format":"standard","meta":{"footnotes":""},"categories":[477,476],"tags":[5227],"class_list":["post-23147","post","type-post","status-publish","format-standard","has-post-thumbnail","","category-noticias-edulcorantes","category-locales","tag-terremoto-en-idleb"],"_links":{"self":[{"href":"https:\/\/archive.sana.sy\/es\/index.php?rest_route=\/wp\/v2\/posts\/23147"}],"collection":[{"href":"https:\/\/archive.sana.sy\/es\/index.php?rest_route=\/wp\/v2\/posts"}],"about":[{"href":"https:\/\/archive.sana.sy\/es\/index.php?rest_route=\/wp\/v2\/types\/post"}],"author":[{"embeddable":true,"href":"https:\/\/archive.sana.sy\/es\/index.php?rest_route=\/wp\/v2\/users\/1"}],"replies":[{"embeddable":true,"href":"https:\/\/archive.sana.sy\/es\/index.php?rest_route=%2Fwp%2Fv2%2Fcomments&post=23147"}],"version-history":[{"count":0,"href":"https:\/\/archive.sana.sy\/es\/index.php?rest_route=\/wp\/v2\/posts\/23147\/revisions"}],"wp:featuredmedia":[{"embeddable":true,"href":"https:\/\/archive.sana.sy\/es\/index.php?rest_route=\/wp\/v2\/media\/23148"}],"wp:attachment":[{"href":"https:\/\/archive.sana.sy\/es\/index.php?rest_route=%2Fwp%2Fv2%2Fmedia&parent=23147"}],"wp:term":[{"taxonomy":"category","embeddable":true,"href":"https:\/\/archive.sana.sy\/es\/index.php?rest_route=%2Fwp%2Fv2%2Fcategories&post=23147"},{"taxonomy":"post_tag","embeddable":true,"href":"https:\/\/archive.sana.sy\/es\/index.php?rest_route=%2Fwp%2Fv2%2Ftags&post=23147"}],"curies":[{"name":"wp","href":"https:\/\/api.w.org\/{rel}","templated":true}]}}