{"id":231557,"date":"2022-05-02T07:03:46","date_gmt":"2022-05-02T04:03:46","guid":{"rendered":"http:\/\/107.6.182.27\/es\/?p=231557"},"modified":"2023-01-10T16:19:26","modified_gmt":"2023-01-10T14:19:26","slug":"alemanes-protestan-contra-los-suministros-de-armas-de-su-pais-a-ucrania","status":"publish","type":"post","link":"https:\/\/archive.sana.sy\/es\/?p=231557","title":{"rendered":"Alemanes protestan contra los suministros de armas de su pa\u00eds a Ucrania"},"content":{"rendered":"<p style=\"text-align: justify;\"><span style=\"color: #800000;\"><strong>Berl\u00edn, 2 may (SANA)<\/strong><\/span>\u00a0\u00a0 Los ciudadanos alemanes denunciaron hoy las pol\u00edticas del canciller Olaf Scholz en apoyo de las autoridades de Kiev y boicotearon un discurso que pronunci\u00f3 en D\u00fcsseldorf sobre los suministros militares a Ucrania.<\/p>\n<p style=\"text-align: justify;\">La agencia de noticias rusa RIA Novosti inform\u00f3 que los asistentes exigieron a Shultz que no armara a Ucrania y atizara el conflicto, y que trabajara para lograr la paz sin armas.<\/p>\n<p style=\"text-align: justify;\">A pesar de las voces que ped\u00edan a Schulz que detuviera el apoyo militar a Ucrania, Schulz, quien se vio obligado a alzar la voz en medio de los c\u00e1nticos de la multitud en contra de sus pol\u00edticas, enfatiz\u00f3 que Alemania continuar\u00eda apoyando a Ucrania con dinero y suministro de armas, como lo hacen muchos otros pa\u00edses de Europa.<\/p>\n<p style=\"text-align: justify;\">fm<\/p>\n<p style=\"text-align: justify;\">\n","protected":false},"excerpt":{"rendered":"<p>Berl\u00edn, 2 may (SANA)\u00a0\u00a0 Los ciudadanos alemanes denunciaron hoy las pol\u00edticas del canciller Olaf Scholz en apoyo de las autoridades de Kiev y boicotearon un discurso que pronunci\u00f3 en D\u00fcsseldorf sobre los suministros militares a Ucrania. La agencia de noticias rusa RIA Novosti inform\u00f3 que los asistentes exigieron a Shultz que no armara a Ucrania &hellip;<\/p>\n","protected":false},"author":34,"featured_media":231558,"comment_status":"closed","ping_status":"closed","sticky":false,"template":"","format":"standard","meta":{"footnotes":""},"categories":[597,456,7541],"tags":[],"class_list":["post-231557","post","type-post","status-publish","format-standard","has-post-thumbnail","","category-cinta-de-noticias","category-arabe-internacional-politica","category-ultimas-noticias"],"_links":{"self":[{"href":"https:\/\/archive.sana.sy\/es\/index.php?rest_route=\/wp\/v2\/posts\/231557"}],"collection":[{"href":"https:\/\/archive.sana.sy\/es\/index.php?rest_route=\/wp\/v2\/posts"}],"about":[{"href":"https:\/\/archive.sana.sy\/es\/index.php?rest_route=\/wp\/v2\/types\/post"}],"author":[{"embeddable":true,"href":"https:\/\/archive.sana.sy\/es\/index.php?rest_route=\/wp\/v2\/users\/34"}],"replies":[{"embeddable":true,"href":"https:\/\/archive.sana.sy\/es\/index.php?rest_route=%2Fwp%2Fv2%2Fcomments&post=231557"}],"version-history":[{"count":0,"href":"https:\/\/archive.sana.sy\/es\/index.php?rest_route=\/wp\/v2\/posts\/231557\/revisions"}],"wp:featuredmedia":[{"embeddable":true,"href":"https:\/\/archive.sana.sy\/es\/index.php?rest_route=\/wp\/v2\/media\/231558"}],"wp:attachment":[{"href":"https:\/\/archive.sana.sy\/es\/index.php?rest_route=%2Fwp%2Fv2%2Fmedia&parent=231557"}],"wp:term":[{"taxonomy":"category","embeddable":true,"href":"https:\/\/archive.sana.sy\/es\/index.php?rest_route=%2Fwp%2Fv2%2Fcategories&post=231557"},{"taxonomy":"post_tag","embeddable":true,"href":"https:\/\/archive.sana.sy\/es\/index.php?rest_route=%2Fwp%2Fv2%2Ftags&post=231557"}],"curies":[{"name":"wp","href":"https:\/\/api.w.org\/{rel}","templated":true}]}}