{"id":231587,"date":"2022-05-02T10:37:48","date_gmt":"2022-05-02T07:37:48","guid":{"rendered":"http:\/\/107.6.182.27\/es\/?p=231587"},"modified":"2023-01-10T16:19:25","modified_gmt":"2023-01-10T14:19:25","slug":"rusia-combate-en-ucrania-los-nazis-respaldados-por-washington-afirma-mandatario-nicaraguense","status":"publish","type":"post","link":"https:\/\/archive.sana.sy\/es\/?p=231587","title":{"rendered":"Rusia combate en Ucrania los nazis respaldados por Washington, afirma mandatario nicarag\u00fcense"},"content":{"rendered":"<blockquote>\n<p style=\"text-align: justify;\">Hizo recordar el asesinato de 40 trabajadores quemados en Odessa por los nazis en 2014 por su oposici\u00f3n al golpe de Estado.<\/p>\n<\/blockquote>\n<p style=\"text-align: justify;\"><span style=\"color: #800000;\"><strong>Managua, 02 may (SANA)<\/strong> <\/span>El presidente de Nicaragua, Daniel Ortega, consider\u00f3 que Rusia combate en Ucrania a los ultranacionalistas apoyados por Washington y la Uni\u00f3n Europea, e hizo recordar el asesinato de 40 trabajadores quemados en Odessa por los nazis en 2014 por su oposici\u00f3n al golpe de Estado.<\/p>\n<p style=\"text-align: justify;\">\u201cRusia est\u00e1 combatiendo a los nazis en Ucrania que llegaron al poder tras un brutal golpe de Estado en 2014, lo que nos recuerda los intentos de cambio de poder en Nicaragua y Venezuela\u201d, dijo Ortega en un discurso con motivo del Primero de Mayo.<\/p>\n<p style=\"text-align: justify;\">Agreg\u00f3 que la Casa Banca y la UE alientan a las autoridades ucranianas a realizar actos terroristas.<\/p>\n<p style=\"text-align: justify;\">sm\/fm<\/p>\n","protected":false},"excerpt":{"rendered":"<p>Hizo recordar el asesinato de 40 trabajadores quemados en Odessa por los nazis en 2014 por su oposici\u00f3n al golpe de Estado. Managua, 02 may (SANA) El presidente de Nicaragua, Daniel Ortega, consider\u00f3 que Rusia combate en Ucrania a los ultranacionalistas apoyados por Washington y la Uni\u00f3n Europea, e hizo recordar el asesinato de 40 &hellip;<\/p>\n","protected":false},"author":39,"featured_media":231590,"comment_status":"closed","ping_status":"closed","sticky":false,"template":"","format":"standard","meta":{"footnotes":""},"categories":[597,456,7541],"tags":[],"class_list":["post-231587","post","type-post","status-publish","format-standard","has-post-thumbnail","","category-cinta-de-noticias","category-arabe-internacional-politica","category-ultimas-noticias"],"_links":{"self":[{"href":"https:\/\/archive.sana.sy\/es\/index.php?rest_route=\/wp\/v2\/posts\/231587"}],"collection":[{"href":"https:\/\/archive.sana.sy\/es\/index.php?rest_route=\/wp\/v2\/posts"}],"about":[{"href":"https:\/\/archive.sana.sy\/es\/index.php?rest_route=\/wp\/v2\/types\/post"}],"author":[{"embeddable":true,"href":"https:\/\/archive.sana.sy\/es\/index.php?rest_route=\/wp\/v2\/users\/39"}],"replies":[{"embeddable":true,"href":"https:\/\/archive.sana.sy\/es\/index.php?rest_route=%2Fwp%2Fv2%2Fcomments&post=231587"}],"version-history":[{"count":0,"href":"https:\/\/archive.sana.sy\/es\/index.php?rest_route=\/wp\/v2\/posts\/231587\/revisions"}],"wp:featuredmedia":[{"embeddable":true,"href":"https:\/\/archive.sana.sy\/es\/index.php?rest_route=\/wp\/v2\/media\/231590"}],"wp:attachment":[{"href":"https:\/\/archive.sana.sy\/es\/index.php?rest_route=%2Fwp%2Fv2%2Fmedia&parent=231587"}],"wp:term":[{"taxonomy":"category","embeddable":true,"href":"https:\/\/archive.sana.sy\/es\/index.php?rest_route=%2Fwp%2Fv2%2Fcategories&post=231587"},{"taxonomy":"post_tag","embeddable":true,"href":"https:\/\/archive.sana.sy\/es\/index.php?rest_route=%2Fwp%2Fv2%2Ftags&post=231587"}],"curies":[{"name":"wp","href":"https:\/\/api.w.org\/{rel}","templated":true}]}}