{"id":231619,"date":"2022-05-02T12:44:39","date_gmt":"2022-05-02T09:44:39","guid":{"rendered":"http:\/\/107.6.182.27\/es\/?p=231619"},"modified":"2023-01-10T16:19:25","modified_gmt":"2023-01-10T14:19:25","slug":"heridos-palestinos-por-disparos-de-ocupacion-israeli","status":"publish","type":"post","link":"https:\/\/archive.sana.sy\/es\/?p=231619","title":{"rendered":"Heridos palestinos por disparos de ocupaci\u00f3n israel\u00ed"},"content":{"rendered":"<p style=\"text-align: justify;\"><span style=\"color: #800000;\"><strong>Jerusal\u00e9n ocupada, 02 may (SANA)\u00a0<\/strong> <\/span>\u00a0Tres palestinos resultaron heridos por las balas de las fuerzas de ocupaci\u00f3n israel\u00edes hoy, durante su asalto a la localidad de Bil&#8217;in, al oeste de la ciudad de Ramallah en Cisjordania.<\/p>\n<p style=\"text-align: justify;\">La agencia de noticias Wafa inform\u00f3 que los soldados del ocupante sionista irrumpieron en la referida ciudad y abrieron fuego contra varios palestinos, lo que caus\u00f3 la lesi\u00f3n de tres de ellos, asimismo arrestaron a un joven despu\u00e9s de allanar su casa.<\/p>\n<p style=\"text-align: justify;\">En la v\u00edspera, cinco palestinos resultaron heridos por los disparos de las tropas de ocupaci\u00f3n israel\u00edes en el campamento de refugiados de Al-Jalazun, al norte de Ramallah.<\/p>\n<p style=\"text-align: justify;\">sm<\/p>\n","protected":false},"excerpt":{"rendered":"<p>Jerusal\u00e9n ocupada, 02 may (SANA)\u00a0 \u00a0Tres palestinos resultaron heridos por las balas de las fuerzas de ocupaci\u00f3n israel\u00edes hoy, durante su asalto a la localidad de Bil&#8217;in, al oeste de la ciudad de Ramallah en Cisjordania. La agencia de noticias Wafa inform\u00f3 que los soldados del ocupante sionista irrumpieron en la referida ciudad y abrieron &hellip;<\/p>\n","protected":false},"author":39,"featured_media":231620,"comment_status":"closed","ping_status":"closed","sticky":false,"template":"","format":"standard","meta":{"footnotes":""},"categories":[597,456,457],"tags":[],"class_list":["post-231619","post","type-post","status-publish","format-standard","has-post-thumbnail","","category-cinta-de-noticias","category-arabe-internacional-politica","category-noticias-arabe-internacional-politica"],"_links":{"self":[{"href":"https:\/\/archive.sana.sy\/es\/index.php?rest_route=\/wp\/v2\/posts\/231619"}],"collection":[{"href":"https:\/\/archive.sana.sy\/es\/index.php?rest_route=\/wp\/v2\/posts"}],"about":[{"href":"https:\/\/archive.sana.sy\/es\/index.php?rest_route=\/wp\/v2\/types\/post"}],"author":[{"embeddable":true,"href":"https:\/\/archive.sana.sy\/es\/index.php?rest_route=\/wp\/v2\/users\/39"}],"replies":[{"embeddable":true,"href":"https:\/\/archive.sana.sy\/es\/index.php?rest_route=%2Fwp%2Fv2%2Fcomments&post=231619"}],"version-history":[{"count":0,"href":"https:\/\/archive.sana.sy\/es\/index.php?rest_route=\/wp\/v2\/posts\/231619\/revisions"}],"wp:featuredmedia":[{"embeddable":true,"href":"https:\/\/archive.sana.sy\/es\/index.php?rest_route=\/wp\/v2\/media\/231620"}],"wp:attachment":[{"href":"https:\/\/archive.sana.sy\/es\/index.php?rest_route=%2Fwp%2Fv2%2Fmedia&parent=231619"}],"wp:term":[{"taxonomy":"category","embeddable":true,"href":"https:\/\/archive.sana.sy\/es\/index.php?rest_route=%2Fwp%2Fv2%2Fcategories&post=231619"},{"taxonomy":"post_tag","embeddable":true,"href":"https:\/\/archive.sana.sy\/es\/index.php?rest_route=%2Fwp%2Fv2%2Ftags&post=231619"}],"curies":[{"name":"wp","href":"https:\/\/api.w.org\/{rel}","templated":true}]}}