{"id":231626,"date":"2022-05-02T13:55:51","date_gmt":"2022-05-02T10:55:51","guid":{"rendered":"http:\/\/107.6.182.27\/es\/?p=231626"},"modified":"2023-01-10T14:03:57","modified_gmt":"2023-01-10T12:03:57","slug":"integrantes-de-la-milicia-fds-caen-entre-muertos-y-heridos-por-popular-en-deir-ezzor","status":"publish","type":"post","link":"https:\/\/archive.sana.sy\/es\/?p=231626","title":{"rendered":"Integrantes de la milicia FDS caen entre muertos y heridos por ataque en Deir Ezzor"},"content":{"rendered":"<p style=\"text-align: justify;\"><span style=\"color: #800000;\"><strong>Deir Ezzor, 02 may (SANA) <\/strong><\/span>Varios integrantes de la milicia proestadounidense \u201cFuerzas Democr\u00e1ticas de Siria\u201d (FDS) resultaron entre muertos y heridos por ataque contra uno de sus puntos en la provincia de Deir Ezzor.<\/p>\n<p style=\"text-align: justify;\">Activistas locales informaron a SANA que armados desconocidos atacaron con ametralladoras y misiles un puesto de la referida milicia en la aldea de Al-Sager, al norte de Deir Ezzor, que condujo a la muerte y lesi\u00f3n de varios miembros que estaban en lugar.<\/p>\n<p style=\"text-align: justify;\">Los activistas se\u00f1alaron que este ataque es el mayor y m\u00e1s violento contra FDS en las \u00faltimas semanas en la regi\u00f3n, donde participaron unos 20 armados, que utilizaron morteros y ametralladoras desde varios frentes.<\/p>\n<p style=\"text-align: justify;\">En la v\u00edspera, varios armados de la misma milicia resultaron entre muertos y heridos, y varios veh\u00edculos suyos se da\u00f1aron por ataques contra sus posiciones y patrullas en la provincia de Raqa.<\/p>\n<p style=\"text-align: justify;\">sm<\/p>\n","protected":false},"excerpt":{"rendered":"<p>Deir Ezzor, 02 may (SANA) Varios integrantes de la milicia proestadounidense \u201cFuerzas Democr\u00e1ticas de Siria\u201d (FDS) resultaron entre muertos y heridos por ataque contra uno de sus puntos en la provincia de Deir Ezzor. Activistas locales informaron a SANA que armados desconocidos atacaron con ametralladoras y misiles un puesto de la referida milicia en la &hellip;<\/p>\n","protected":false},"author":39,"featured_media":231632,"comment_status":"closed","ping_status":"closed","sticky":false,"template":"","format":"standard","meta":{"footnotes":""},"categories":[477,447,597,476,457,7541],"tags":[],"class_list":["post-231626","post","type-post","status-publish","format-standard","has-post-thumbnail","","category-noticias-edulcorantes","category-local-politica","category-cinta-de-noticias","category-locales","category-noticias-arabe-internacional-politica","category-ultimas-noticias"],"_links":{"self":[{"href":"https:\/\/archive.sana.sy\/es\/index.php?rest_route=\/wp\/v2\/posts\/231626"}],"collection":[{"href":"https:\/\/archive.sana.sy\/es\/index.php?rest_route=\/wp\/v2\/posts"}],"about":[{"href":"https:\/\/archive.sana.sy\/es\/index.php?rest_route=\/wp\/v2\/types\/post"}],"author":[{"embeddable":true,"href":"https:\/\/archive.sana.sy\/es\/index.php?rest_route=\/wp\/v2\/users\/39"}],"replies":[{"embeddable":true,"href":"https:\/\/archive.sana.sy\/es\/index.php?rest_route=%2Fwp%2Fv2%2Fcomments&post=231626"}],"version-history":[{"count":0,"href":"https:\/\/archive.sana.sy\/es\/index.php?rest_route=\/wp\/v2\/posts\/231626\/revisions"}],"wp:featuredmedia":[{"embeddable":true,"href":"https:\/\/archive.sana.sy\/es\/index.php?rest_route=\/wp\/v2\/media\/231632"}],"wp:attachment":[{"href":"https:\/\/archive.sana.sy\/es\/index.php?rest_route=%2Fwp%2Fv2%2Fmedia&parent=231626"}],"wp:term":[{"taxonomy":"category","embeddable":true,"href":"https:\/\/archive.sana.sy\/es\/index.php?rest_route=%2Fwp%2Fv2%2Fcategories&post=231626"},{"taxonomy":"post_tag","embeddable":true,"href":"https:\/\/archive.sana.sy\/es\/index.php?rest_route=%2Fwp%2Fv2%2Ftags&post=231626"}],"curies":[{"name":"wp","href":"https:\/\/api.w.org\/{rel}","templated":true}]}}