{"id":231642,"date":"2022-05-02T17:09:03","date_gmt":"2022-05-02T14:09:03","guid":{"rendered":"http:\/\/107.6.182.27\/es\/?p=231642"},"modified":"2023-01-10T16:19:24","modified_gmt":"2023-01-10T14:19:24","slug":"estadounidenses-combaten-en-ucrania-del-lado-del-regimen-de-kiev-afirma-revista-estadounidense","status":"publish","type":"post","link":"https:\/\/archive.sana.sy\/es\/?p=231642","title":{"rendered":"Estadounidenses combaten en Ucrania del lado del r\u00e9gimen de Kiev, afirma revista estadounidense"},"content":{"rendered":"<p style=\"text-align: justify;\"><strong>Washington, 02 may (SANA) <\/strong>La revista estadounidense Pol\u00edtico revel\u00f3 que un n\u00famero desconocido de estadounidenses con experiencia militar particip\u00f3 en el conflicto de Ucrania del lado de las fuerzas del r\u00e9gimen de Kiev.<\/p>\n<p style=\"text-align: justify;\">Afirm\u00f3 que la embajada de Ucrania en Washington est\u00e1 utilizando Internet para reclutar &#8220;voluntarios&#8221; extranjeros, tras el llamdo del presidente ucraniano, Volodimir Zelenski, a los europeos para unirse al conflicto al afirmar que &#8220;cualquiera que desee unirse&#8221; para defender la seguridad de Europa y el mundo \u201cpuede venir y luchar junto a las fuerzas ucranianas\u201d.<\/p>\n<p style=\"text-align: justify;\">Seg\u00fan la revista, el estadounidense, Harrison Josephovich, dej\u00f3 su trabajo como oficial de polic\u00eda en Chicago para encabezar un grupo llamado \u201cTask Force Yankee\u201d compuesto por 190 personas que fueron desplegadas en frentes de combate en Ucrania, y destac\u00f3 que hay otros miles de \u201cvoluntarios\u201d estadounidenses en Ucrania.<\/p>\n<p style=\"text-align: justify;\">La semana pasada, el exsoldado de la Infanter\u00eda de Marina de los EE. UU, Willie Joseph Kansel, fue muerto en Ucrania tras unirse a las filas de mercenarios extranjeros que acudieron a Ucrania.<\/p>\n<p style=\"text-align: justify;\">El Ministerio de Defensa ruso hab\u00eda revelado que el gobierno de Kiev hab\u00eda reclutado a miles de mercenarios de 63 pa\u00edses, e indic\u00f3 que el ej\u00e9rcito ruso, durante su operaci\u00f3n militar elimin\u00f3 a m\u00e1s de un millar de estos.<\/p>\n<p style=\"text-align: justify;\"><em><strong>sm\/rsh\/ah<\/strong><\/em><\/p>\n","protected":false},"excerpt":{"rendered":"<p>Washington, 02 may (SANA) La revista estadounidense Pol\u00edtico revel\u00f3 que un n\u00famero desconocido de estadounidenses con experiencia militar particip\u00f3 en el conflicto de Ucrania del lado de las fuerzas del r\u00e9gimen de Kiev. Afirm\u00f3 que la embajada de Ucrania en Washington est\u00e1 utilizando Internet para reclutar &#8220;voluntarios&#8221; extranjeros, tras el llamdo del presidente ucraniano, Volodimir &hellip;<\/p>\n","protected":false},"author":30,"featured_media":231643,"comment_status":"closed","ping_status":"closed","sticky":false,"template":"","format":"standard","meta":{"footnotes":""},"categories":[597,456],"tags":[],"class_list":["post-231642","post","type-post","status-publish","format-standard","has-post-thumbnail","","category-cinta-de-noticias","category-arabe-internacional-politica"],"_links":{"self":[{"href":"https:\/\/archive.sana.sy\/es\/index.php?rest_route=\/wp\/v2\/posts\/231642"}],"collection":[{"href":"https:\/\/archive.sana.sy\/es\/index.php?rest_route=\/wp\/v2\/posts"}],"about":[{"href":"https:\/\/archive.sana.sy\/es\/index.php?rest_route=\/wp\/v2\/types\/post"}],"author":[{"embeddable":true,"href":"https:\/\/archive.sana.sy\/es\/index.php?rest_route=\/wp\/v2\/users\/30"}],"replies":[{"embeddable":true,"href":"https:\/\/archive.sana.sy\/es\/index.php?rest_route=%2Fwp%2Fv2%2Fcomments&post=231642"}],"version-history":[{"count":0,"href":"https:\/\/archive.sana.sy\/es\/index.php?rest_route=\/wp\/v2\/posts\/231642\/revisions"}],"wp:featuredmedia":[{"embeddable":true,"href":"https:\/\/archive.sana.sy\/es\/index.php?rest_route=\/wp\/v2\/media\/231643"}],"wp:attachment":[{"href":"https:\/\/archive.sana.sy\/es\/index.php?rest_route=%2Fwp%2Fv2%2Fmedia&parent=231642"}],"wp:term":[{"taxonomy":"category","embeddable":true,"href":"https:\/\/archive.sana.sy\/es\/index.php?rest_route=%2Fwp%2Fv2%2Fcategories&post=231642"},{"taxonomy":"post_tag","embeddable":true,"href":"https:\/\/archive.sana.sy\/es\/index.php?rest_route=%2Fwp%2Fv2%2Ftags&post=231642"}],"curies":[{"name":"wp","href":"https:\/\/api.w.org\/{rel}","templated":true}]}}