{"id":231645,"date":"2022-05-02T17:31:08","date_gmt":"2022-05-02T14:31:08","guid":{"rendered":"http:\/\/107.6.182.27\/es\/?p=231645"},"modified":"2022-05-02T17:32:51","modified_gmt":"2022-05-02T14:32:51","slug":"homenaje-a-los-trabajadores-del-sector-electrico-y-bomberos-de-kuneitra","status":"publish","type":"post","link":"https:\/\/archive.sana.sy\/es\/?p=231645","title":{"rendered":"Homenaje a los trabajadores del sector el\u00e9ctrico y bomberos de Quneitra"},"content":{"rendered":"<p style=\"text-align: justify;\"><strong>Quneitra, 02 may (SANA) <\/strong>Con ocasi\u00f3n del D\u00eda de los Trabajadores y los d\u00edas festivos de Eid el-Fitr (Fiesta del Fin de Ramad\u00e1n), la Gobernaci\u00f3n de Quneitra homenaje\u00f3 a los trabajadores del sector el\u00e9ctrico y los bomberos.<\/p>\n<p style=\"text-align: justify;\">El gobernador de QKuneitra, Abdul Halim Khalil, ensalz\u00f3 durante el homenaje los esfuerzos de los trabajadores de los sectores de servicios, en especial electricistas y bomberos quienes no conocen d\u00edas feriados en su labor.<\/p>\n<p style=\"text-align: justify;\">Varios obreros del Centro de Emergencia El\u00e9ctrica en la localidad de Khan Arnaba expresaron su gratitud por esta iniciativa afirmando su disponibilidad constante en todas las condiciones para reparar las aver\u00edas de la red el\u00e9ctrica.<\/p>\n<p style=\"text-align: justify;\">A su vez los bomberos de la Brigada de Quneitra manifestaron lo mismo en caso de producirse incendios para preservar la indemnidad de los ciudadanos y sus propiedades.<\/p>\n<p style=\"text-align: justify;\"><em><strong>rsh\/ah<\/strong><\/em><\/p>\n<div id='gallery-1' class='gallery galleryid-231645 gallery-columns-1 gallery-size-full'><figure class='gallery-item'>\n\t\t\t<div class='gallery-icon landscape'>\n\t\t\t\t<a href='https:\/\/archive.sana.sy\/es\/wp-content\/uploads\/2022\/05\/4-5.jpg'><img loading=\"lazy\" decoding=\"async\" width=\"660\" height=\"421\" src=\"https:\/\/archive.sana.sy\/es\/wp-content\/uploads\/2022\/05\/4-5.jpg\" class=\"attachment-full size-full\" alt=\"\" srcset=\"https:\/\/archive.sana.sy\/es\/wp-content\/uploads\/2022\/05\/4-5.jpg 660w, https:\/\/archive.sana.sy\/es\/wp-content\/uploads\/2022\/05\/4-5-300x191.jpg 300w, https:\/\/archive.sana.sy\/es\/wp-content\/uploads\/2022\/05\/4-5-150x96.jpg 150w\" sizes=\"(max-width: 660px) 100vw, 660px\" \/><\/a>\n\t\t\t<\/div><\/figure><figure class='gallery-item'>\n\t\t\t<div class='gallery-icon landscape'>\n\t\t\t\t<a href='https:\/\/archive.sana.sy\/es\/wp-content\/uploads\/2022\/05\/12-2.jpg'><img loading=\"lazy\" decoding=\"async\" width=\"660\" height=\"451\" src=\"https:\/\/archive.sana.sy\/es\/wp-content\/uploads\/2022\/05\/12-2.jpg\" class=\"attachment-full size-full\" alt=\"\" srcset=\"https:\/\/archive.sana.sy\/es\/wp-content\/uploads\/2022\/05\/12-2.jpg 660w, https:\/\/archive.sana.sy\/es\/wp-content\/uploads\/2022\/05\/12-2-300x205.jpg 300w, https:\/\/archive.sana.sy\/es\/wp-content\/uploads\/2022\/05\/12-2-150x103.jpg 150w, https:\/\/archive.sana.sy\/es\/wp-content\/uploads\/2022\/05\/12-2-110x75.jpg 110w\" sizes=\"(max-width: 660px) 100vw, 660px\" \/><\/a>\n\t\t\t<\/div><\/figure><figure class='gallery-item'>\n\t\t\t<div class='gallery-icon landscape'>\n\t\t\t\t<a href='https:\/\/archive.sana.sy\/es\/wp-content\/uploads\/2022\/05\/2-12.jpg'><img loading=\"lazy\" decoding=\"async\" width=\"660\" height=\"397\" src=\"https:\/\/archive.sana.sy\/es\/wp-content\/uploads\/2022\/05\/2-12.jpg\" class=\"attachment-full size-full\" alt=\"\" srcset=\"https:\/\/archive.sana.sy\/es\/wp-content\/uploads\/2022\/05\/2-12.jpg 660w, https:\/\/archive.sana.sy\/es\/wp-content\/uploads\/2022\/05\/2-12-300x180.jpg 300w, https:\/\/archive.sana.sy\/es\/wp-content\/uploads\/2022\/05\/2-12-150x90.jpg 150w\" sizes=\"(max-width: 660px) 100vw, 660px\" \/><\/a>\n\t\t\t<\/div><\/figure>\n\t\t<\/div>\n\n","protected":false},"excerpt":{"rendered":"<p>Quneitra, 02 may (SANA) Con ocasi\u00f3n del D\u00eda de los Trabajadores y los d\u00edas festivos de Eid el-Fitr (Fiesta del Fin de Ramad\u00e1n), la Gobernaci\u00f3n de Quneitra homenaje\u00f3 a los trabajadores del sector el\u00e9ctrico y los bomberos. El gobernador de QKuneitra, Abdul Halim Khalil, ensalz\u00f3 durante el homenaje los esfuerzos de los trabajadores de los &hellip;<\/p>\n","protected":false},"author":30,"featured_media":231651,"comment_status":"closed","ping_status":"closed","sticky":false,"template":"","format":"standard","meta":{"footnotes":""},"categories":[597,476,7541],"tags":[],"class_list":["post-231645","post","type-post","status-publish","format-standard","has-post-thumbnail","","category-cinta-de-noticias","category-locales","category-ultimas-noticias"],"_links":{"self":[{"href":"https:\/\/archive.sana.sy\/es\/index.php?rest_route=\/wp\/v2\/posts\/231645"}],"collection":[{"href":"https:\/\/archive.sana.sy\/es\/index.php?rest_route=\/wp\/v2\/posts"}],"about":[{"href":"https:\/\/archive.sana.sy\/es\/index.php?rest_route=\/wp\/v2\/types\/post"}],"author":[{"embeddable":true,"href":"https:\/\/archive.sana.sy\/es\/index.php?rest_route=\/wp\/v2\/users\/30"}],"replies":[{"embeddable":true,"href":"https:\/\/archive.sana.sy\/es\/index.php?rest_route=%2Fwp%2Fv2%2Fcomments&post=231645"}],"version-history":[{"count":0,"href":"https:\/\/archive.sana.sy\/es\/index.php?rest_route=\/wp\/v2\/posts\/231645\/revisions"}],"wp:featuredmedia":[{"embeddable":true,"href":"https:\/\/archive.sana.sy\/es\/index.php?rest_route=\/wp\/v2\/media\/231651"}],"wp:attachment":[{"href":"https:\/\/archive.sana.sy\/es\/index.php?rest_route=%2Fwp%2Fv2%2Fmedia&parent=231645"}],"wp:term":[{"taxonomy":"category","embeddable":true,"href":"https:\/\/archive.sana.sy\/es\/index.php?rest_route=%2Fwp%2Fv2%2Fcategories&post=231645"},{"taxonomy":"post_tag","embeddable":true,"href":"https:\/\/archive.sana.sy\/es\/index.php?rest_route=%2Fwp%2Fv2%2Ftags&post=231645"}],"curies":[{"name":"wp","href":"https:\/\/api.w.org\/{rel}","templated":true}]}}