{"id":231745,"date":"2022-05-02T22:20:14","date_gmt":"2022-05-02T19:20:14","guid":{"rendered":"http:\/\/107.6.182.27\/es\/?p=231745"},"modified":"2023-01-10T16:19:23","modified_gmt":"2023-01-10T14:19:23","slug":"ola-de-suicidios-en-el-portaviones-george-washington","status":"publish","type":"post","link":"https:\/\/archive.sana.sy\/es\/?p=231745","title":{"rendered":"Ola de suicidios en el portaviones George Washington"},"content":{"rendered":"<p style=\"text-align: justify;\"><strong>Washington, 2 may (SANA)<\/strong> La cadena CBS News difundi\u00f3 que la Armada de EE.UU. reconoci\u00f3 recientemente la muerte de siete marineros del portaviones USS George Washington. Al parecer cuatro de ellos se habr\u00edan suicidado en el \u00faltimo a\u00f1o y tres m\u00e1s entre 2019 y 2020.<\/p>\n<p style=\"text-align: justify;\">Los \u00faltimos tres casos se reportaron en poco m\u00e1s de una semana en abril, luego de los cuales las autoridades militares iniciaron una investigaci\u00f3n.<\/p>\n<p style=\"text-align: justify;\">En declaraciones a NBC News, varios de los miembros del USS George Washington se\u00f1alaron las dif\u00edciles condiciones de trabajo como un posible detonante de los suicidios a bordo. En ocasiones carecen de electricidad, dependen de un solo ba\u00f1o de trabajo para todos, la comida es deficiente y el ruido durante las obras de construcci\u00f3n hace imposible dormir.<\/p>\n<p style=\"text-align: justify;\"><em><strong>fm\/ah<\/strong><\/em><\/p>\n","protected":false},"excerpt":{"rendered":"<p>Washington, 2 may (SANA) La cadena CBS News difundi\u00f3 que la Armada de EE.UU. reconoci\u00f3 recientemente la muerte de siete marineros del portaviones USS George Washington. Al parecer cuatro de ellos se habr\u00edan suicidado en el \u00faltimo a\u00f1o y tres m\u00e1s entre 2019 y 2020. Los \u00faltimos tres casos se reportaron en poco m\u00e1s de &hellip;<\/p>\n","protected":false},"author":30,"featured_media":231746,"comment_status":"closed","ping_status":"closed","sticky":false,"template":"","format":"standard","meta":{"footnotes":""},"categories":[597,456],"tags":[],"class_list":["post-231745","post","type-post","status-publish","format-standard","has-post-thumbnail","","category-cinta-de-noticias","category-arabe-internacional-politica"],"_links":{"self":[{"href":"https:\/\/archive.sana.sy\/es\/index.php?rest_route=\/wp\/v2\/posts\/231745"}],"collection":[{"href":"https:\/\/archive.sana.sy\/es\/index.php?rest_route=\/wp\/v2\/posts"}],"about":[{"href":"https:\/\/archive.sana.sy\/es\/index.php?rest_route=\/wp\/v2\/types\/post"}],"author":[{"embeddable":true,"href":"https:\/\/archive.sana.sy\/es\/index.php?rest_route=\/wp\/v2\/users\/30"}],"replies":[{"embeddable":true,"href":"https:\/\/archive.sana.sy\/es\/index.php?rest_route=%2Fwp%2Fv2%2Fcomments&post=231745"}],"version-history":[{"count":0,"href":"https:\/\/archive.sana.sy\/es\/index.php?rest_route=\/wp\/v2\/posts\/231745\/revisions"}],"wp:featuredmedia":[{"embeddable":true,"href":"https:\/\/archive.sana.sy\/es\/index.php?rest_route=\/wp\/v2\/media\/231746"}],"wp:attachment":[{"href":"https:\/\/archive.sana.sy\/es\/index.php?rest_route=%2Fwp%2Fv2%2Fmedia&parent=231745"}],"wp:term":[{"taxonomy":"category","embeddable":true,"href":"https:\/\/archive.sana.sy\/es\/index.php?rest_route=%2Fwp%2Fv2%2Fcategories&post=231745"},{"taxonomy":"post_tag","embeddable":true,"href":"https:\/\/archive.sana.sy\/es\/index.php?rest_route=%2Fwp%2Fv2%2Ftags&post=231745"}],"curies":[{"name":"wp","href":"https:\/\/api.w.org\/{rel}","templated":true}]}}