{"id":231748,"date":"2022-05-02T22:26:12","date_gmt":"2022-05-02T19:26:12","guid":{"rendered":"http:\/\/107.6.182.27\/es\/?p=231748"},"modified":"2023-01-10T16:19:23","modified_gmt":"2023-01-10T14:19:23","slug":"las-tropas-de-ocupacion-arrancan-decenas-de-arboles-frutales-en-naplusa","status":"publish","type":"post","link":"https:\/\/archive.sana.sy\/es\/?p=231748","title":{"rendered":"Las tropas de ocupaci\u00f3n arrancan decenas de \u00e1rboles frutales en Naplusa"},"content":{"rendered":"<p style=\"text-align: justify;\"><strong>Jerusal\u00e9n ocupada, 02 may (SANA) <\/strong>Las tropas de ocupaci\u00f3n israel\u00edes agredieron las propiedades palestinas en la ciudad de Naplusa en Cisjordania donde arrancaron m\u00e1s de 100 olivos.<\/p>\n<p style=\"text-align: justify;\">La agencia Wafa dijo que las tropas de ocupaci\u00f3n acompa\u00f1adas por varios buld\u00f3ceres irrumpieron en los terrenos del poblado de Douma al sur de Naplusa donde aplanaron 7 dunums y arrancaron alambres de espino y m\u00e1s de 100 olivos productivos.<\/p>\n<p style=\"text-align: justify;\">Las tropas de ocupaci\u00f3n imponen cada vez m\u00e1s restricciones a los palestinos para privarlos de sus derechos, pero al mismo tiempo proveen de protecci\u00f3n a las pandillas de colonos terroristas que hacen estragos en las tierras, propiedades y santuarios de los palestinos.<\/p>\n<p style=\"text-align: justify;\">rsh\/ah<\/p>\n","protected":false},"excerpt":{"rendered":"<p>Jerusal\u00e9n ocupada, 02 may (SANA) Las tropas de ocupaci\u00f3n israel\u00edes agredieron las propiedades palestinas en la ciudad de Naplusa en Cisjordania donde arrancaron m\u00e1s de 100 olivos. La agencia Wafa dijo que las tropas de ocupaci\u00f3n acompa\u00f1adas por varios buld\u00f3ceres irrumpieron en los terrenos del poblado de Douma al sur de Naplusa donde aplanaron 7 &hellip;<\/p>\n","protected":false},"author":30,"featured_media":231749,"comment_status":"closed","ping_status":"closed","sticky":false,"template":"","format":"standard","meta":{"footnotes":""},"categories":[597,456],"tags":[],"class_list":["post-231748","post","type-post","status-publish","format-standard","has-post-thumbnail","","category-cinta-de-noticias","category-arabe-internacional-politica"],"_links":{"self":[{"href":"https:\/\/archive.sana.sy\/es\/index.php?rest_route=\/wp\/v2\/posts\/231748"}],"collection":[{"href":"https:\/\/archive.sana.sy\/es\/index.php?rest_route=\/wp\/v2\/posts"}],"about":[{"href":"https:\/\/archive.sana.sy\/es\/index.php?rest_route=\/wp\/v2\/types\/post"}],"author":[{"embeddable":true,"href":"https:\/\/archive.sana.sy\/es\/index.php?rest_route=\/wp\/v2\/users\/30"}],"replies":[{"embeddable":true,"href":"https:\/\/archive.sana.sy\/es\/index.php?rest_route=%2Fwp%2Fv2%2Fcomments&post=231748"}],"version-history":[{"count":0,"href":"https:\/\/archive.sana.sy\/es\/index.php?rest_route=\/wp\/v2\/posts\/231748\/revisions"}],"wp:featuredmedia":[{"embeddable":true,"href":"https:\/\/archive.sana.sy\/es\/index.php?rest_route=\/wp\/v2\/media\/231749"}],"wp:attachment":[{"href":"https:\/\/archive.sana.sy\/es\/index.php?rest_route=%2Fwp%2Fv2%2Fmedia&parent=231748"}],"wp:term":[{"taxonomy":"category","embeddable":true,"href":"https:\/\/archive.sana.sy\/es\/index.php?rest_route=%2Fwp%2Fv2%2Fcategories&post=231748"},{"taxonomy":"post_tag","embeddable":true,"href":"https:\/\/archive.sana.sy\/es\/index.php?rest_route=%2Fwp%2Fv2%2Ftags&post=231748"}],"curies":[{"name":"wp","href":"https:\/\/api.w.org\/{rel}","templated":true}]}}