{"id":231752,"date":"2022-05-03T06:04:35","date_gmt":"2022-05-03T03:04:35","guid":{"rendered":"http:\/\/107.6.182.27\/es\/?p=231752"},"modified":"2023-01-10T16:19:23","modified_gmt":"2023-01-10T14:19:23","slug":"diario-aleman-aumentar-el-presupuesto-militar-para-ucrania-perjudicaria-a-los-alemanes","status":"publish","type":"post","link":"https:\/\/archive.sana.sy\/es\/?p=231752","title":{"rendered":"Diario alem\u00e1n: aumentar el presupuesto militar para Ucrania perjudicar\u00eda a los alemanes"},"content":{"rendered":"<p style=\"text-align: justify;\"><span style=\"color: #800000;\"><strong>Berl\u00edn, 3 may (SANA)<\/strong><\/span>\u00a0\u00a0 El peri\u00f3dico alem\u00e1n &#8220;Jang Welt&#8221; afirm\u00f3 que el aumento del presupuesto militar alem\u00e1n para Ucrania provocar\u00eda un deterioro en la calidad de vida de los alemanes comunes.<\/p>\n<p style=\"text-align: justify;\">&#8220;Para abastecer a Ucrania con armas pesadas, el gobierno alem\u00e1n tendr\u00e1 que robar a la clase obrera porque el presupuesto incluye un aumento de cien mil millones de d\u00f3lares en gastos militares&#8221;,\u00a0 indic\u00f3 un art\u00edculo en el rotativo.<\/p>\n<p style=\"text-align: justify;\">Agreg\u00f3 que durante dos a\u00f1os, Alemania ha estado presenciando una disminuci\u00f3n de los salarios y un aumento de los precios, incluso se demostr\u00f3 que las medidas de apoyo durante la pandemia de la Covid-19 no fueron suficientes.<\/p>\n<p style=\"text-align: justify;\">El parlamento alem\u00e1n hab\u00eda pedido anteriormente al gobierno que brindara a Ucrania un apoyo integral, incluido un aumento de los suministros de armas a trav\u00e9s de los llamados intercambios Rubin con otros pa\u00edses para no poner en peligro las capacidades de defensa alemanas.<\/p>\n<p style=\"text-align: justify;\">fm<\/p>\n","protected":false},"excerpt":{"rendered":"<p>Berl\u00edn, 3 may (SANA)\u00a0\u00a0 El peri\u00f3dico alem\u00e1n &#8220;Jang Welt&#8221; afirm\u00f3 que el aumento del presupuesto militar alem\u00e1n para Ucrania provocar\u00eda un deterioro en la calidad de vida de los alemanes comunes. &#8220;Para abastecer a Ucrania con armas pesadas, el gobierno alem\u00e1n tendr\u00e1 que robar a la clase obrera porque el presupuesto incluye un aumento de &hellip;<\/p>\n","protected":false},"author":34,"featured_media":231753,"comment_status":"closed","ping_status":"closed","sticky":false,"template":"","format":"standard","meta":{"footnotes":""},"categories":[597,456,7541],"tags":[],"class_list":["post-231752","post","type-post","status-publish","format-standard","has-post-thumbnail","","category-cinta-de-noticias","category-arabe-internacional-politica","category-ultimas-noticias"],"_links":{"self":[{"href":"https:\/\/archive.sana.sy\/es\/index.php?rest_route=\/wp\/v2\/posts\/231752"}],"collection":[{"href":"https:\/\/archive.sana.sy\/es\/index.php?rest_route=\/wp\/v2\/posts"}],"about":[{"href":"https:\/\/archive.sana.sy\/es\/index.php?rest_route=\/wp\/v2\/types\/post"}],"author":[{"embeddable":true,"href":"https:\/\/archive.sana.sy\/es\/index.php?rest_route=\/wp\/v2\/users\/34"}],"replies":[{"embeddable":true,"href":"https:\/\/archive.sana.sy\/es\/index.php?rest_route=%2Fwp%2Fv2%2Fcomments&post=231752"}],"version-history":[{"count":0,"href":"https:\/\/archive.sana.sy\/es\/index.php?rest_route=\/wp\/v2\/posts\/231752\/revisions"}],"wp:featuredmedia":[{"embeddable":true,"href":"https:\/\/archive.sana.sy\/es\/index.php?rest_route=\/wp\/v2\/media\/231753"}],"wp:attachment":[{"href":"https:\/\/archive.sana.sy\/es\/index.php?rest_route=%2Fwp%2Fv2%2Fmedia&parent=231752"}],"wp:term":[{"taxonomy":"category","embeddable":true,"href":"https:\/\/archive.sana.sy\/es\/index.php?rest_route=%2Fwp%2Fv2%2Fcategories&post=231752"},{"taxonomy":"post_tag","embeddable":true,"href":"https:\/\/archive.sana.sy\/es\/index.php?rest_route=%2Fwp%2Fv2%2Ftags&post=231752"}],"curies":[{"name":"wp","href":"https:\/\/api.w.org\/{rel}","templated":true}]}}