{"id":231755,"date":"2022-05-03T06:17:42","date_gmt":"2022-05-03T03:17:42","guid":{"rendered":"http:\/\/107.6.182.27\/es\/?p=231755"},"modified":"2023-01-10T16:19:23","modified_gmt":"2023-01-10T14:19:23","slug":"iran-esta-ya-entre-los-cuatro-paises-lideres-en-el-campo-de-los-drones","status":"publish","type":"post","link":"https:\/\/archive.sana.sy\/es\/?p=231755","title":{"rendered":"Ir\u00e1n est\u00e1 ya entre los cuatro pa\u00edses l\u00edderes en el campo de los drones"},"content":{"rendered":"<p style=\"text-align: justify;\"><span style=\"color: #800000;\"><strong>Teher\u00e1n, 3 may (SANA)<\/strong><\/span>\u00a0\u00a0 El parlamentario iran\u00ed Abu al-Fadl Abu Turabi, afirm\u00f3 que su pa\u00eds fabrica y produce 95 tipos de drones y se encuentra entre los cuatro pa\u00edses l\u00edderes en este campo en el mundo.<\/p>\n<p style=\"text-align: justify;\">Citado por la agencia de noticias Fars, Abu Turabi destac\u00f3 este \u00e9xito logrado en la dependencia de las capacidades internas y no se afectar\u00e1 por el bloqueo impuesto por los enemigos.<\/p>\n<p style=\"text-align: justify;\">\u201cProducimos 59 tipo de aviones no tripulados, incluido un dron con un alcance de cuatro mil kil\u00f3metros\u201d, revel\u00f3.<\/p>\n<p style=\"text-align: justify;\">fm<\/p>\n","protected":false},"excerpt":{"rendered":"<p>Teher\u00e1n, 3 may (SANA)\u00a0\u00a0 El parlamentario iran\u00ed Abu al-Fadl Abu Turabi, afirm\u00f3 que su pa\u00eds fabrica y produce 95 tipos de drones y se encuentra entre los cuatro pa\u00edses l\u00edderes en este campo en el mundo. Citado por la agencia de noticias Fars, Abu Turabi destac\u00f3 este \u00e9xito logrado en la dependencia de las capacidades &hellip;<\/p>\n","protected":false},"author":34,"featured_media":231756,"comment_status":"closed","ping_status":"closed","sticky":false,"template":"","format":"standard","meta":{"footnotes":""},"categories":[597,456,7541],"tags":[],"class_list":["post-231755","post","type-post","status-publish","format-standard","has-post-thumbnail","","category-cinta-de-noticias","category-arabe-internacional-politica","category-ultimas-noticias"],"_links":{"self":[{"href":"https:\/\/archive.sana.sy\/es\/index.php?rest_route=\/wp\/v2\/posts\/231755"}],"collection":[{"href":"https:\/\/archive.sana.sy\/es\/index.php?rest_route=\/wp\/v2\/posts"}],"about":[{"href":"https:\/\/archive.sana.sy\/es\/index.php?rest_route=\/wp\/v2\/types\/post"}],"author":[{"embeddable":true,"href":"https:\/\/archive.sana.sy\/es\/index.php?rest_route=\/wp\/v2\/users\/34"}],"replies":[{"embeddable":true,"href":"https:\/\/archive.sana.sy\/es\/index.php?rest_route=%2Fwp%2Fv2%2Fcomments&post=231755"}],"version-history":[{"count":0,"href":"https:\/\/archive.sana.sy\/es\/index.php?rest_route=\/wp\/v2\/posts\/231755\/revisions"}],"wp:featuredmedia":[{"embeddable":true,"href":"https:\/\/archive.sana.sy\/es\/index.php?rest_route=\/wp\/v2\/media\/231756"}],"wp:attachment":[{"href":"https:\/\/archive.sana.sy\/es\/index.php?rest_route=%2Fwp%2Fv2%2Fmedia&parent=231755"}],"wp:term":[{"taxonomy":"category","embeddable":true,"href":"https:\/\/archive.sana.sy\/es\/index.php?rest_route=%2Fwp%2Fv2%2Fcategories&post=231755"},{"taxonomy":"post_tag","embeddable":true,"href":"https:\/\/archive.sana.sy\/es\/index.php?rest_route=%2Fwp%2Fv2%2Ftags&post=231755"}],"curies":[{"name":"wp","href":"https:\/\/api.w.org\/{rel}","templated":true}]}}