{"id":231776,"date":"2022-05-03T06:00:48","date_gmt":"2022-05-03T03:00:48","guid":{"rendered":"http:\/\/107.6.182.27\/es\/?p=231776"},"modified":"2022-05-03T10:13:06","modified_gmt":"2022-05-03T07:13:06","slug":"titulares-de-la-agencia-sana-03-mayo-2022","status":"publish","type":"post","link":"https:\/\/archive.sana.sy\/es\/?p=231776","title":{"rendered":"Titulares de la agencia SANA, 03 mayo 2022"},"content":{"rendered":"<p><span style=\"color: #800000;\"><strong>Damasco, 03 may (SANA) <\/strong>\u00a0<\/span><\/p>\n<p>\u2b55\ufe0f Presidente Bashar Al-Assad, efect\u00faa el rezo de Eid Al-Fitr en la Mezquita Al-Hasan en el barrio capitalino de Midan<\/p>\n<p>\u2b55\ufe0f Mandatarios y jefes de Estado felicitan al presidente al-Assad por Eid al-Fitr<\/p>\n<p>\u2b55\ufe0f Ambiente festivo en la provincia central de Homs con ocasi\u00f3n de Eid al-Fitr<\/p>\n<p>\u2b55\ufe0f Integrantes de la milicia FDS caen entre muertos y heridos por ataque en Deir Ezzor<\/p>\n<p>\u2b55\ufe0f Ministro de Defensa visita a los combatientes en las l\u00edneas del frente y a los heridos en los hospitales<\/p>\n<p>\u2b55\ufe0f Ministro del Interior visita a los heridos de las Fuerzas del Orden Interno por ocasi\u00f3n de Eid al-Fitr<\/p>\n<p>\u2b55\ufe0f Homenaje a los trabajadores del sector el\u00e9ctrico y bomberos de Quneitra<\/p>\n<p>\u2b55\ufe0f Israel esp\u00eda al Primer Ministro y a la Ministra de Defensa de Espa\u00f1a<\/p>\n<p>\u2b55\ufe0f Las tropas de ocupaci\u00f3n arrancan decenas de \u00e1rboles frutales en Naplusa<\/p>\n<p>\u2b55\ufe0f 126 civiles fueron evacuados desde la planta sider\u00fargica Azovstal<\/p>\n<p>\u2b55\ufe0f Lavrov: Kiev rechaza rendici\u00f3n de los militantes de Azovstal porque entre ellos<\/p>\n<p>\u2b55\ufe0f Alemanes protestan contra los suministros de armas de su pa\u00eds a Ucrania<\/p>\n<p>\u2b55\ufe0f Rusia destruy\u00f3 hasta el momento a 2.760 tanques de guerra y derrib\u00f3 690 drones ucranianos<\/p>\n<p>\u2b55\ufe0f Defensa rusa publica im\u00e1genes del lanzamiento de misiles Iskander contra blancos ucranianos<\/p>\n<p>\u2b55\ufe0f Minuto a Minuto\u202668 d\u00edas de la operaci\u00f3n especial rusa en Ucrania<\/p>\n<p>\u2b55\ufe0f Rusia combate en Ucrania los nazis respaldados por Washington, afirma mandatario nicarag\u00fcense<\/p>\n<p>\u2b55\ufe0f Al menos 440 militares y ultranacionalistas ucranianos fueron ultimados en menos de un d\u00eda, informa Defensa rusa<\/p>\n<p>\u2b55\ufe0f Heridos palestinos por disparos de ocupaci\u00f3n israel\u00ed<\/p>\n<p>\u2b55\ufe0f Hungr\u00eda rechaza la prohibici\u00f3n de la UE a las importaciones de petr\u00f3leo y gas rusos<\/p>\n<p>\u2b55\ufe0f Volodin : involucrados en el suministro de armas a Kiev deben ser juzgados<\/p>\n<p>\u2b55\ufe0f Estadounidenses combaten en Ucrania del lado del r\u00e9gimen de Kiev, afirma revista estadounidense<\/p>\n<p>\u2b55\ufe0f Aumenta demanda del gas ruso por parte de los consumidores europeos, afirma Gazprom<\/p>\n<p>\u2b55\ufe0f Nuestro pa\u00eds no permanecer\u00e1 en pie sin gas ruso, manifiesta la principal compa\u00f1\u00eda energ\u00e9tica de Alemania<\/p>\n<p>\u2b55\ufe0f Ministro italiano llama a permitir a las empresas europeas a pagar en rublos por el gas ruso<\/p>\n<p>\u2b55\ufe0f Ola de suicidios en el portaviones George Washington<\/p>\n<p>&nbsp;<\/p>\n","protected":false},"excerpt":{"rendered":"<p>Damasco, 03 may (SANA) \u00a0 \u2b55\ufe0f Presidente Bashar Al-Assad, efect\u00faa el rezo de Eid Al-Fitr en la Mezquita Al-Hasan en el barrio capitalino de Midan \u2b55\ufe0f Mandatarios y jefes de Estado felicitan al presidente al-Assad por Eid al-Fitr \u2b55\ufe0f Ambiente festivo en la provincia central de Homs con ocasi\u00f3n de Eid al-Fitr \u2b55\ufe0f Integrantes de &hellip;<\/p>\n","protected":false},"author":31,"featured_media":231778,"comment_status":"closed","ping_status":"closed","sticky":false,"template":"","format":"standard","meta":{"footnotes":""},"categories":[597,476,7541],"tags":[],"class_list":["post-231776","post","type-post","status-publish","format-standard","has-post-thumbnail","","category-cinta-de-noticias","category-locales","category-ultimas-noticias"],"_links":{"self":[{"href":"https:\/\/archive.sana.sy\/es\/index.php?rest_route=\/wp\/v2\/posts\/231776"}],"collection":[{"href":"https:\/\/archive.sana.sy\/es\/index.php?rest_route=\/wp\/v2\/posts"}],"about":[{"href":"https:\/\/archive.sana.sy\/es\/index.php?rest_route=\/wp\/v2\/types\/post"}],"author":[{"embeddable":true,"href":"https:\/\/archive.sana.sy\/es\/index.php?rest_route=\/wp\/v2\/users\/31"}],"replies":[{"embeddable":true,"href":"https:\/\/archive.sana.sy\/es\/index.php?rest_route=%2Fwp%2Fv2%2Fcomments&post=231776"}],"version-history":[{"count":0,"href":"https:\/\/archive.sana.sy\/es\/index.php?rest_route=\/wp\/v2\/posts\/231776\/revisions"}],"wp:featuredmedia":[{"embeddable":true,"href":"https:\/\/archive.sana.sy\/es\/index.php?rest_route=\/wp\/v2\/media\/231778"}],"wp:attachment":[{"href":"https:\/\/archive.sana.sy\/es\/index.php?rest_route=%2Fwp%2Fv2%2Fmedia&parent=231776"}],"wp:term":[{"taxonomy":"category","embeddable":true,"href":"https:\/\/archive.sana.sy\/es\/index.php?rest_route=%2Fwp%2Fv2%2Fcategories&post=231776"},{"taxonomy":"post_tag","embeddable":true,"href":"https:\/\/archive.sana.sy\/es\/index.php?rest_route=%2Fwp%2Fv2%2Ftags&post=231776"}],"curies":[{"name":"wp","href":"https:\/\/api.w.org\/{rel}","templated":true}]}}