{"id":231908,"date":"2022-05-04T10:14:58","date_gmt":"2022-05-04T07:14:58","guid":{"rendered":"http:\/\/107.6.182.27\/es\/?p=231908"},"modified":"2023-01-10T16:19:19","modified_gmt":"2023-01-10T14:19:19","slug":"zelensky-no-necesita-la-paz-porque-seria-su-fin-opina-medvedev","status":"publish","type":"post","link":"https:\/\/archive.sana.sy\/es\/?p=231908","title":{"rendered":"Zelensky no necesita la paz porque ser\u00eda su fin, opina Medv\u00e9dev"},"content":{"rendered":"<p style=\"text-align: justify;\"><strong><span style=\"color: #800000;\">Mosc\u00fa, 4 may (SANA)<\/span> <\/strong>El vicepresidente del Consejo de Seguridad de Rusia, Dmitri Medv\u00e9dev, manifest\u00f3 que el presidente ucraniano, Vladimir Zelensky, no necesita un acuerdo de paz porque significar\u00eda su fin.<\/p>\n<p style=\"text-align: justify;\">\u201cZelensky no necesita ning\u00fan acuerdo de paz. Para \u00e9l, la paz es el fin\u201d, escribi\u00f3 Medv\u00e9dev en su cuenta de Telegram, y consider\u00f3 que ese final llegar r\u00e1pido, con los nazis; o de forma m\u00e1s lenta, por parte de sus rivales que lo destituir\u00e1n como el mandatario que perdi\u00f3 la guerra.<\/p>\n<p style=\"text-align: justify;\">\u201cPor eso, Zelensky seguir\u00e1 mendigando dinero y armas a Occidente, para demostrar que est\u00e1 en el juego&#8221;, subray\u00f3.<\/p>\n<p style=\"text-align: justify;\">En opini\u00f3n de Medv\u00e9dev, para Zelensky no hay otra forma de seguir en su puesto que manteniendo su actual posici\u00f3n.<\/p>\n<p style=\"text-align: justify;\">fm\/ed<\/p>\n","protected":false},"excerpt":{"rendered":"<p>Mosc\u00fa, 4 may (SANA) El vicepresidente del Consejo de Seguridad de Rusia, Dmitri Medv\u00e9dev, manifest\u00f3 que el presidente ucraniano, Vladimir Zelensky, no necesita un acuerdo de paz porque significar\u00eda su fin. \u201cZelensky no necesita ning\u00fan acuerdo de paz. Para \u00e9l, la paz es el fin\u201d, escribi\u00f3 Medv\u00e9dev en su cuenta de Telegram, y consider\u00f3 que &hellip;<\/p>\n","protected":false},"author":32,"featured_media":231909,"comment_status":"closed","ping_status":"closed","sticky":false,"template":"","format":"standard","meta":{"footnotes":""},"categories":[597,456,7541],"tags":[],"class_list":["post-231908","post","type-post","status-publish","format-standard","has-post-thumbnail","","category-cinta-de-noticias","category-arabe-internacional-politica","category-ultimas-noticias"],"_links":{"self":[{"href":"https:\/\/archive.sana.sy\/es\/index.php?rest_route=\/wp\/v2\/posts\/231908"}],"collection":[{"href":"https:\/\/archive.sana.sy\/es\/index.php?rest_route=\/wp\/v2\/posts"}],"about":[{"href":"https:\/\/archive.sana.sy\/es\/index.php?rest_route=\/wp\/v2\/types\/post"}],"author":[{"embeddable":true,"href":"https:\/\/archive.sana.sy\/es\/index.php?rest_route=\/wp\/v2\/users\/32"}],"replies":[{"embeddable":true,"href":"https:\/\/archive.sana.sy\/es\/index.php?rest_route=%2Fwp%2Fv2%2Fcomments&post=231908"}],"version-history":[{"count":0,"href":"https:\/\/archive.sana.sy\/es\/index.php?rest_route=\/wp\/v2\/posts\/231908\/revisions"}],"wp:featuredmedia":[{"embeddable":true,"href":"https:\/\/archive.sana.sy\/es\/index.php?rest_route=\/wp\/v2\/media\/231909"}],"wp:attachment":[{"href":"https:\/\/archive.sana.sy\/es\/index.php?rest_route=%2Fwp%2Fv2%2Fmedia&parent=231908"}],"wp:term":[{"taxonomy":"category","embeddable":true,"href":"https:\/\/archive.sana.sy\/es\/index.php?rest_route=%2Fwp%2Fv2%2Fcategories&post=231908"},{"taxonomy":"post_tag","embeddable":true,"href":"https:\/\/archive.sana.sy\/es\/index.php?rest_route=%2Fwp%2Fv2%2Ftags&post=231908"}],"curies":[{"name":"wp","href":"https:\/\/api.w.org\/{rel}","templated":true}]}}