{"id":231911,"date":"2022-05-04T10:26:15","date_gmt":"2022-05-04T07:26:15","guid":{"rendered":"http:\/\/107.6.182.27\/es\/?p=231911"},"modified":"2023-01-10T16:19:19","modified_gmt":"2023-01-10T14:19:19","slug":"bielorrusia-declara-estado-de-maxima-alerta-en-las-filas-de-su-ejercito","status":"publish","type":"post","link":"https:\/\/archive.sana.sy\/es\/?p=231911","title":{"rendered":"Bielorrusia declara estado de m\u00e1xima alerta en las filas de su ej\u00e9rcito"},"content":{"rendered":"<p style=\"text-align: justify;\"><strong><span style=\"color: #800000;\">Minsk, 4 may (SANA)<\/span> <\/strong>El Ministerio de Defensa de Bielorrusia declar\u00f3 el estado de alerta m\u00e1xima y prueba repentina en las filas de su ej\u00e9rcito en todo el pa\u00eds.<\/p>\n<p style=\"text-align: justify;\">La agencia de noticias Sputnik cit\u00f3 al ministerio diciendo en un comunicado oficial que \u201cha comenzado el proceso de pruebas y ex\u00e1menes repentinos de las fuerzas militares de Bielorrusia, y las unidades militares en todo el pa\u00eds tendr\u00e1n que prepararse para las tareas de combate\u201d.<\/p>\n<p style=\"text-align: justify;\">En su comunicado, el ministerio explic\u00f3 que el prop\u00f3sito de la revisi\u00f3n es evaluar el grado de preparaci\u00f3n y capacidad de los militares para responder r\u00e1pidamente ante la posibilidad de crisis, y destac\u00f3 que las diversas unidades militares operan en \u00e1reas de terreno dif\u00edciles y complejas para las fuerzas militares.<\/p>\n<p style=\"text-align: justify;\"><strong>fm\/ed<\/strong><\/p>\n","protected":false},"excerpt":{"rendered":"<p>Minsk, 4 may (SANA) El Ministerio de Defensa de Bielorrusia declar\u00f3 el estado de alerta m\u00e1xima y prueba repentina en las filas de su ej\u00e9rcito en todo el pa\u00eds. La agencia de noticias Sputnik cit\u00f3 al ministerio diciendo en un comunicado oficial que \u201cha comenzado el proceso de pruebas y ex\u00e1menes repentinos de las fuerzas &hellip;<\/p>\n","protected":false},"author":32,"featured_media":231912,"comment_status":"closed","ping_status":"closed","sticky":false,"template":"","format":"standard","meta":{"footnotes":""},"categories":[597,456,7541],"tags":[],"class_list":["post-231911","post","type-post","status-publish","format-standard","has-post-thumbnail","","category-cinta-de-noticias","category-arabe-internacional-politica","category-ultimas-noticias"],"_links":{"self":[{"href":"https:\/\/archive.sana.sy\/es\/index.php?rest_route=\/wp\/v2\/posts\/231911"}],"collection":[{"href":"https:\/\/archive.sana.sy\/es\/index.php?rest_route=\/wp\/v2\/posts"}],"about":[{"href":"https:\/\/archive.sana.sy\/es\/index.php?rest_route=\/wp\/v2\/types\/post"}],"author":[{"embeddable":true,"href":"https:\/\/archive.sana.sy\/es\/index.php?rest_route=\/wp\/v2\/users\/32"}],"replies":[{"embeddable":true,"href":"https:\/\/archive.sana.sy\/es\/index.php?rest_route=%2Fwp%2Fv2%2Fcomments&post=231911"}],"version-history":[{"count":0,"href":"https:\/\/archive.sana.sy\/es\/index.php?rest_route=\/wp\/v2\/posts\/231911\/revisions"}],"wp:featuredmedia":[{"embeddable":true,"href":"https:\/\/archive.sana.sy\/es\/index.php?rest_route=\/wp\/v2\/media\/231912"}],"wp:attachment":[{"href":"https:\/\/archive.sana.sy\/es\/index.php?rest_route=%2Fwp%2Fv2%2Fmedia&parent=231911"}],"wp:term":[{"taxonomy":"category","embeddable":true,"href":"https:\/\/archive.sana.sy\/es\/index.php?rest_route=%2Fwp%2Fv2%2Fcategories&post=231911"},{"taxonomy":"post_tag","embeddable":true,"href":"https:\/\/archive.sana.sy\/es\/index.php?rest_route=%2Fwp%2Fv2%2Ftags&post=231911"}],"curies":[{"name":"wp","href":"https:\/\/api.w.org\/{rel}","templated":true}]}}