{"id":231919,"date":"2022-05-04T11:11:24","date_gmt":"2022-05-04T08:11:24","guid":{"rendered":"http:\/\/107.6.182.27\/es\/?p=231919"},"modified":"2023-01-10T16:19:19","modified_gmt":"2023-01-10T14:19:19","slug":"defensa-rusa-occidente-hace-caso-omiso-a-los-crimenes-de-kiev-e-incluso-es-complice-con-los-terroristas","status":"publish","type":"post","link":"https:\/\/archive.sana.sy\/es\/?p=231919","title":{"rendered":"Defensa rusa: Occidente hace caso omiso a los cr\u00edmenes de Kiev e incluso es c\u00f3mplice con los terroristas"},"content":{"rendered":"<p style=\"text-align: justify;\"><strong><span style=\"color: #800000;\">Mosc\u00fa, 04 may (SANA)\u00a0<\/span> <\/strong>\u00a0El director del Centro de Gesti\u00f3n de la Defensa Nacional del Ministerio de Defensa de Rusia, Mikhail Mizintsev, dijo que los pa\u00edses occidentales, que han hecho la vista gorda ante los numerosos cr\u00edmenes de guerra cometidos por el r\u00e9gimen de Kiev, se han convertido en c\u00f3mplices de los terroristas.<\/p>\n<p style=\"text-align: justify;\">\u201cEs incomprensible que los pa\u00edses de Occidente no presten atenci\u00f3n a los numerosos cr\u00edmenes de guerra cometidos por el r\u00e9gimen de Kiev contra los residentes de las Rep\u00fablicas Populares de Donetsk y Lugansk y los ciudadanos ucranianos en el territorio controlado por Kiev\u201d, cit\u00f3 Sputnik a Mizintsev, en una conferencia de prensa.<\/p>\n<p style=\"text-align: justify;\">Occidente, que adopta un doble rasero, no est\u00e1 interesado en realizar una investigaci\u00f3n imparcial y, a menudo, hace la vista gorda ante las numerosas violaciones de los acuerdos internacionales por parte de Ucrania o culpa a Rusia sin fundamento, se\u00f1al\u00f3 Mizintsev.<\/p>\n<p style=\"text-align: justify;\">\u201cTodo esto igualar\u00e1 a las autoridades de los pa\u00edses civilizados con los c\u00f3mplices de los terroristas, por la impunidad que dan a Kiev por cualquier crimen que cometi\u00f3 contra sus propios ciudadanos\u201d, agreg\u00f3.<\/p>\n<p style=\"text-align: justify;\">ed\/fm<\/p>\n","protected":false},"excerpt":{"rendered":"<p>Mosc\u00fa, 04 may (SANA)\u00a0 \u00a0El director del Centro de Gesti\u00f3n de la Defensa Nacional del Ministerio de Defensa de Rusia, Mikhail Mizintsev, dijo que los pa\u00edses occidentales, que han hecho la vista gorda ante los numerosos cr\u00edmenes de guerra cometidos por el r\u00e9gimen de Kiev, se han convertido en c\u00f3mplices de los terroristas. \u201cEs incomprensible &hellip;<\/p>\n","protected":false},"author":32,"featured_media":231920,"comment_status":"closed","ping_status":"closed","sticky":false,"template":"","format":"standard","meta":{"footnotes":""},"categories":[597,456,7541],"tags":[],"class_list":["post-231919","post","type-post","status-publish","format-standard","has-post-thumbnail","","category-cinta-de-noticias","category-arabe-internacional-politica","category-ultimas-noticias"],"_links":{"self":[{"href":"https:\/\/archive.sana.sy\/es\/index.php?rest_route=\/wp\/v2\/posts\/231919"}],"collection":[{"href":"https:\/\/archive.sana.sy\/es\/index.php?rest_route=\/wp\/v2\/posts"}],"about":[{"href":"https:\/\/archive.sana.sy\/es\/index.php?rest_route=\/wp\/v2\/types\/post"}],"author":[{"embeddable":true,"href":"https:\/\/archive.sana.sy\/es\/index.php?rest_route=\/wp\/v2\/users\/32"}],"replies":[{"embeddable":true,"href":"https:\/\/archive.sana.sy\/es\/index.php?rest_route=%2Fwp%2Fv2%2Fcomments&post=231919"}],"version-history":[{"count":0,"href":"https:\/\/archive.sana.sy\/es\/index.php?rest_route=\/wp\/v2\/posts\/231919\/revisions"}],"wp:featuredmedia":[{"embeddable":true,"href":"https:\/\/archive.sana.sy\/es\/index.php?rest_route=\/wp\/v2\/media\/231920"}],"wp:attachment":[{"href":"https:\/\/archive.sana.sy\/es\/index.php?rest_route=%2Fwp%2Fv2%2Fmedia&parent=231919"}],"wp:term":[{"taxonomy":"category","embeddable":true,"href":"https:\/\/archive.sana.sy\/es\/index.php?rest_route=%2Fwp%2Fv2%2Fcategories&post=231919"},{"taxonomy":"post_tag","embeddable":true,"href":"https:\/\/archive.sana.sy\/es\/index.php?rest_route=%2Fwp%2Fv2%2Ftags&post=231919"}],"curies":[{"name":"wp","href":"https:\/\/api.w.org\/{rel}","templated":true}]}}