{"id":231928,"date":"2022-05-04T12:33:23","date_gmt":"2022-05-04T09:33:23","guid":{"rendered":"http:\/\/107.6.182.27\/es\/?p=231928"},"modified":"2023-01-10T16:19:19","modified_gmt":"2023-01-10T14:19:19","slug":"mas-de-un-millon-100-mil-personas-de-donbas-y-ucrania-llegan-a-rusia","status":"publish","type":"post","link":"https:\/\/archive.sana.sy\/es\/?p=231928","title":{"rendered":"M\u00e1s de un mill\u00f3n 100 mil personas de Donb\u00e1s y Ucrania llegan a Rusia"},"content":{"rendered":"<p style=\"text-align: justify;\"><strong><span style=\"color: #800000;\">Mosc\u00fa, 4 may (SANA)<\/span><\/strong> Una fuente rusa anunci\u00f3 la llegada de m\u00e1s de un mill\u00f3n 100 mil personas a Rusia desde los territorios de las Rep\u00fablicas Populares de Donetsk y Lugansk, y tambi\u00e9n desde Ucrania.<\/p>\n<p style=\"text-align: justify;\">&#8220;En total, m\u00e1s de 1.1 millones de personas, incluidos unos 200 mil ni\u00f1os, llegaron a Rusia desde las rep\u00fablicas de Donetsk, Luhansk y de Ucrania a trav\u00e9s de puestos de control en las regiones de Rostov, Bryansk, Belgorod y Crimea&#8221;, detall\u00f3 la fuente citada por TASS.<\/p>\n<p style=\"text-align: justify;\">Agreg\u00f3 que m\u00e1s de 12 mil personas cruzaron las fronteras rusas desde esas \u00e1reas en un solo d\u00eda.<\/p>\n<p style=\"text-align: justify;\">fm\/ ed<\/p>\n","protected":false},"excerpt":{"rendered":"<p>Mosc\u00fa, 4 may (SANA) Una fuente rusa anunci\u00f3 la llegada de m\u00e1s de un mill\u00f3n 100 mil personas a Rusia desde los territorios de las Rep\u00fablicas Populares de Donetsk y Lugansk, y tambi\u00e9n desde Ucrania. &#8220;En total, m\u00e1s de 1.1 millones de personas, incluidos unos 200 mil ni\u00f1os, llegaron a Rusia desde las rep\u00fablicas de &hellip;<\/p>\n","protected":false},"author":32,"featured_media":231929,"comment_status":"closed","ping_status":"closed","sticky":false,"template":"","format":"standard","meta":{"footnotes":""},"categories":[597,456,7541],"tags":[],"class_list":["post-231928","post","type-post","status-publish","format-standard","has-post-thumbnail","","category-cinta-de-noticias","category-arabe-internacional-politica","category-ultimas-noticias"],"_links":{"self":[{"href":"https:\/\/archive.sana.sy\/es\/index.php?rest_route=\/wp\/v2\/posts\/231928"}],"collection":[{"href":"https:\/\/archive.sana.sy\/es\/index.php?rest_route=\/wp\/v2\/posts"}],"about":[{"href":"https:\/\/archive.sana.sy\/es\/index.php?rest_route=\/wp\/v2\/types\/post"}],"author":[{"embeddable":true,"href":"https:\/\/archive.sana.sy\/es\/index.php?rest_route=\/wp\/v2\/users\/32"}],"replies":[{"embeddable":true,"href":"https:\/\/archive.sana.sy\/es\/index.php?rest_route=%2Fwp%2Fv2%2Fcomments&post=231928"}],"version-history":[{"count":0,"href":"https:\/\/archive.sana.sy\/es\/index.php?rest_route=\/wp\/v2\/posts\/231928\/revisions"}],"wp:featuredmedia":[{"embeddable":true,"href":"https:\/\/archive.sana.sy\/es\/index.php?rest_route=\/wp\/v2\/media\/231929"}],"wp:attachment":[{"href":"https:\/\/archive.sana.sy\/es\/index.php?rest_route=%2Fwp%2Fv2%2Fmedia&parent=231928"}],"wp:term":[{"taxonomy":"category","embeddable":true,"href":"https:\/\/archive.sana.sy\/es\/index.php?rest_route=%2Fwp%2Fv2%2Fcategories&post=231928"},{"taxonomy":"post_tag","embeddable":true,"href":"https:\/\/archive.sana.sy\/es\/index.php?rest_route=%2Fwp%2Fv2%2Ftags&post=231928"}],"curies":[{"name":"wp","href":"https:\/\/api.w.org\/{rel}","templated":true}]}}