{"id":231931,"date":"2022-05-04T12:37:00","date_gmt":"2022-05-04T09:37:00","guid":{"rendered":"http:\/\/107.6.182.27\/es\/?p=231931"},"modified":"2023-01-10T16:19:18","modified_gmt":"2023-01-10T14:19:18","slug":"mercenarios-israelies-luchan-junto-a-los-ultranacionalistas-nazis-de-azov-en-ucrania-confirma-zajarova","status":"publish","type":"post","link":"https:\/\/archive.sana.sy\/es\/?p=231931","title":{"rendered":"Mercenarios israel\u00edes luchan junto a los ultranacionalistas nazis de Azov en Ucrania, confirma Zaj\u00e1rova"},"content":{"rendered":"<p><strong><span style=\"color: #800000;\">Mosc\u00fa, 04 may (SANA)\u00a0<\/span> <\/strong>\u00a0La portavoz del Ministerio de Relaciones Exteriores de Rusia, Mar\u00eda Zaj\u00e1rova, confirm\u00f3 la presencia de mercenarios \u201cisrael\u00edes\u201d que luchan en Ucrania junto a los ultranacionalistas.<\/p>\n<p>En una entrevista con la Agencia Sputnik , Zaj\u00e1rova dijo que hay mercenarios \u201cisrael\u00edes\u201d luchando junto a los batallones de \u201cAzov\u201d en Ucrania.<\/p>\n<p>Seg\u00fan la vocera, los pol\u00edticos de \u201cIsrael\u201d que escalaron la propaganda medi\u00e1tica contra Rusia no le gusta lo que dije al respecto.<\/p>\n<p>Documentos secretos publicados por el diario ruso \u201cRebar\u201d hab\u00edan revelado una lista de mercenarios que luchaban dentro de la llamada \u201cBrigada Internacional\u201d en Ucrania, que inclu\u00eda 45 nacionalidades, sobre todo de Estados Unidos, Gran Breta\u00f1a, Francia e Israel, adem\u00e1s de otras pa\u00edses europeos.<\/p>\n<p>ed\/fm<\/p>\n","protected":false},"excerpt":{"rendered":"<p>Mosc\u00fa, 04 may (SANA)\u00a0 \u00a0La portavoz del Ministerio de Relaciones Exteriores de Rusia, Mar\u00eda Zaj\u00e1rova, confirm\u00f3 la presencia de mercenarios \u201cisrael\u00edes\u201d que luchan en Ucrania junto a los ultranacionalistas. En una entrevista con la Agencia Sputnik , Zaj\u00e1rova dijo que hay mercenarios \u201cisrael\u00edes\u201d luchando junto a los batallones de \u201cAzov\u201d en Ucrania. Seg\u00fan la vocera, &hellip;<\/p>\n","protected":false},"author":32,"featured_media":231932,"comment_status":"closed","ping_status":"closed","sticky":false,"template":"","format":"standard","meta":{"footnotes":""},"categories":[597,456,7541],"tags":[],"class_list":["post-231931","post","type-post","status-publish","format-standard","has-post-thumbnail","","category-cinta-de-noticias","category-arabe-internacional-politica","category-ultimas-noticias"],"_links":{"self":[{"href":"https:\/\/archive.sana.sy\/es\/index.php?rest_route=\/wp\/v2\/posts\/231931"}],"collection":[{"href":"https:\/\/archive.sana.sy\/es\/index.php?rest_route=\/wp\/v2\/posts"}],"about":[{"href":"https:\/\/archive.sana.sy\/es\/index.php?rest_route=\/wp\/v2\/types\/post"}],"author":[{"embeddable":true,"href":"https:\/\/archive.sana.sy\/es\/index.php?rest_route=\/wp\/v2\/users\/32"}],"replies":[{"embeddable":true,"href":"https:\/\/archive.sana.sy\/es\/index.php?rest_route=%2Fwp%2Fv2%2Fcomments&post=231931"}],"version-history":[{"count":0,"href":"https:\/\/archive.sana.sy\/es\/index.php?rest_route=\/wp\/v2\/posts\/231931\/revisions"}],"wp:featuredmedia":[{"embeddable":true,"href":"https:\/\/archive.sana.sy\/es\/index.php?rest_route=\/wp\/v2\/media\/231932"}],"wp:attachment":[{"href":"https:\/\/archive.sana.sy\/es\/index.php?rest_route=%2Fwp%2Fv2%2Fmedia&parent=231931"}],"wp:term":[{"taxonomy":"category","embeddable":true,"href":"https:\/\/archive.sana.sy\/es\/index.php?rest_route=%2Fwp%2Fv2%2Fcategories&post=231931"},{"taxonomy":"post_tag","embeddable":true,"href":"https:\/\/archive.sana.sy\/es\/index.php?rest_route=%2Fwp%2Fv2%2Ftags&post=231931"}],"curies":[{"name":"wp","href":"https:\/\/api.w.org\/{rel}","templated":true}]}}