{"id":231937,"date":"2022-05-04T12:00:31","date_gmt":"2022-05-04T09:00:31","guid":{"rendered":"http:\/\/107.6.182.27\/es\/?p=231937"},"modified":"2023-01-10T14:03:56","modified_gmt":"2023-01-10T12:03:56","slug":"contundente-rechazo-en-el-golan-sirio-ocupado-al-plan-israeli-de-las-turbinas-eolicas-fotos","status":"publish","type":"post","link":"https:\/\/archive.sana.sy\/es\/?p=231937","title":{"rendered":"Contundente rechazo en el Gol\u00e1n sirio ocupado al plan israel\u00ed de las turbinas e\u00f3licas. (fotos)"},"content":{"rendered":"<p style=\"text-align: justify;\"><strong><span style=\"color: #800000;\">Gol\u00e1n sirio ocupado, 04 may (SANA)\u00a0<\/span> <\/strong>\u00a0Los residentes en el Gol\u00e1n sirio ocupado reiteraron hoy su determinaci\u00f3n de continuar la lucha contra el ocupante israel\u00ed hasta abortar su plan encaminados a instalar turbinas e\u00f3licas sobre un \u00e1rea de 400 hect\u00e1reas de tierras agr\u00edcolas de los golaneses.<\/p>\n<p style=\"text-align: justify;\">Durante un mitin organizado en el santuario de AbI Zaar al-Ghifari en el \u00e1rea de al-Marj entre las aldeas ocupadas de Masada y Majdal Shams, denunciaron que las autoridades sionistas buscan, por todos los medios, implementar su plan de turbinas e\u00f3licas en sus tierras agr\u00edcolas.<\/p>\n<p style=\"text-align: justify;\">Manifestaron que despu\u00e9s de agotar todos los medios para detener el plan, los ciudadanos no tuvieron m\u00e1s remedio que enfrentarlo e impedir su implementaci\u00f3n, sin importar los sacrificios que deber\u00edan hacer y a cualquier costo.<\/p>\n<p style=\"text-align: justify;\">\u201cEl ocupante intenta, a trav\u00e9s del plan de las turbinas e\u00f3licas, usurpar nuestra tierra, por la que nos hemos sacrificado durante decenas de a\u00f1os, y tambi\u00e9n pretende controlar nuestras tierras\u201d, afirmaron los ciudadanos por medio de un comunicado.<\/p>\n<p style=\"text-align: justify;\">El proyecto de turbinas e\u00f3licas es uno de los planes de judaizaci\u00f3n m\u00e1s peligrosos que implementa Israel en el Gol\u00e1n ocupado, e incluye la incautaci\u00f3n de m\u00e1s de 600 hect\u00e1reas para construir 42 turbinas, cada una con una altura de 120 metros.<\/p>\n<p style=\"text-align: justify;\">Dicho plan constituye una violaci\u00f3n de todas las leyes y resoluciones internacionales, la m\u00e1s importante de las cuales es la Resoluci\u00f3n del Consejo de Seguridad No. 497 de 1981, que confirma que todas las medidas del ocupante en el Gol\u00e1n son nulas y no tienen efecto legal ninguno.<\/p>\n<p style=\"text-align: justify;\">fm\/ed<\/p>\n<div id='gallery-1' class='gallery galleryid-231937 gallery-columns-1 gallery-size-full'><figure class='gallery-item'>\n\t\t\t<div class='gallery-icon landscape'>\n\t\t\t\t<a href='https:\/\/archive.sana.sy\/es\/wp-content\/uploads\/2022\/05\/photo_2022-05-04_12-15-39-2.jpg'><img loading=\"lazy\" decoding=\"async\" width=\"685\" height=\"386\" src=\"https:\/\/archive.sana.sy\/es\/wp-content\/uploads\/2022\/05\/photo_2022-05-04_12-15-39-2.jpg\" class=\"attachment-full size-full\" alt=\"\" srcset=\"https:\/\/archive.sana.sy\/es\/wp-content\/uploads\/2022\/05\/photo_2022-05-04_12-15-39-2.jpg 685w, https:\/\/archive.sana.sy\/es\/wp-content\/uploads\/2022\/05\/photo_2022-05-04_12-15-39-2-300x169.jpg 300w, https:\/\/archive.sana.sy\/es\/wp-content\/uploads\/2022\/05\/photo_2022-05-04_12-15-39-2-150x85.jpg 150w\" sizes=\"(max-width: 685px) 100vw, 685px\" \/><\/a>\n\t\t\t<\/div><\/figure><figure class='gallery-item'>\n\t\t\t<div class='gallery-icon landscape'>\n\t\t\t\t<a href='https:\/\/archive.sana.sy\/es\/wp-content\/uploads\/2022\/05\/photo_2022-05-04_12-15-39.jpg'><img loading=\"lazy\" decoding=\"async\" width=\"1200\" height=\"675\" src=\"https:\/\/archive.sana.sy\/es\/wp-content\/uploads\/2022\/05\/photo_2022-05-04_12-15-39.jpg\" class=\"attachment-full size-full\" alt=\"\" srcset=\"https:\/\/archive.sana.sy\/es\/wp-content\/uploads\/2022\/05\/photo_2022-05-04_12-15-39.jpg 1200w, https:\/\/archive.sana.sy\/es\/wp-content\/uploads\/2022\/05\/photo_2022-05-04_12-15-39-300x169.jpg 300w, https:\/\/archive.sana.sy\/es\/wp-content\/uploads\/2022\/05\/photo_2022-05-04_12-15-39-1024x576.jpg 1024w, https:\/\/archive.sana.sy\/es\/wp-content\/uploads\/2022\/05\/photo_2022-05-04_12-15-39-150x84.jpg 150w, https:\/\/archive.sana.sy\/es\/wp-content\/uploads\/2022\/05\/photo_2022-05-04_12-15-39-768x432.jpg 768w\" sizes=\"(max-width: 1200px) 100vw, 1200px\" \/><\/a>\n\t\t\t<\/div><\/figure><figure class='gallery-item'>\n\t\t\t<div class='gallery-icon landscape'>\n\t\t\t\t<a href='https:\/\/archive.sana.sy\/es\/wp-content\/uploads\/2022\/05\/photo_2022-05-04_12-17-00.jpg'><img loading=\"lazy\" decoding=\"async\" width=\"665\" height=\"399\" src=\"https:\/\/archive.sana.sy\/es\/wp-content\/uploads\/2022\/05\/photo_2022-05-04_12-17-00.jpg\" class=\"attachment-full size-full\" alt=\"\" srcset=\"https:\/\/archive.sana.sy\/es\/wp-content\/uploads\/2022\/05\/photo_2022-05-04_12-17-00.jpg 665w, https:\/\/archive.sana.sy\/es\/wp-content\/uploads\/2022\/05\/photo_2022-05-04_12-17-00-300x180.jpg 300w, https:\/\/archive.sana.sy\/es\/wp-content\/uploads\/2022\/05\/photo_2022-05-04_12-17-00-150x90.jpg 150w\" sizes=\"(max-width: 665px) 100vw, 665px\" \/><\/a>\n\t\t\t<\/div><\/figure>\n\t\t<\/div>\n\n","protected":false},"excerpt":{"rendered":"<p>Gol\u00e1n sirio ocupado, 04 may (SANA)\u00a0 \u00a0Los residentes en el Gol\u00e1n sirio ocupado reiteraron hoy su determinaci\u00f3n de continuar la lucha contra el ocupante israel\u00ed hasta abortar su plan encaminados a instalar turbinas e\u00f3licas sobre un \u00e1rea de 400 hect\u00e1reas de tierras agr\u00edcolas de los golaneses. Durante un mitin organizado en el santuario de AbI &hellip;<\/p>\n","protected":false},"author":32,"featured_media":231943,"comment_status":"closed","ping_status":"closed","sticky":false,"template":"","format":"standard","meta":{"footnotes":""},"categories":[477,447,597,457,583],"tags":[],"class_list":["post-231937","post","type-post","status-publish","format-standard","has-post-thumbnail","","category-noticias-edulcorantes","category-local-politica","category-cinta-de-noticias","category-noticias-arabe-internacional-politica","category-slide"],"_links":{"self":[{"href":"https:\/\/archive.sana.sy\/es\/index.php?rest_route=\/wp\/v2\/posts\/231937"}],"collection":[{"href":"https:\/\/archive.sana.sy\/es\/index.php?rest_route=\/wp\/v2\/posts"}],"about":[{"href":"https:\/\/archive.sana.sy\/es\/index.php?rest_route=\/wp\/v2\/types\/post"}],"author":[{"embeddable":true,"href":"https:\/\/archive.sana.sy\/es\/index.php?rest_route=\/wp\/v2\/users\/32"}],"replies":[{"embeddable":true,"href":"https:\/\/archive.sana.sy\/es\/index.php?rest_route=%2Fwp%2Fv2%2Fcomments&post=231937"}],"version-history":[{"count":0,"href":"https:\/\/archive.sana.sy\/es\/index.php?rest_route=\/wp\/v2\/posts\/231937\/revisions"}],"wp:featuredmedia":[{"embeddable":true,"href":"https:\/\/archive.sana.sy\/es\/index.php?rest_route=\/wp\/v2\/media\/231943"}],"wp:attachment":[{"href":"https:\/\/archive.sana.sy\/es\/index.php?rest_route=%2Fwp%2Fv2%2Fmedia&parent=231937"}],"wp:term":[{"taxonomy":"category","embeddable":true,"href":"https:\/\/archive.sana.sy\/es\/index.php?rest_route=%2Fwp%2Fv2%2Fcategories&post=231937"},{"taxonomy":"post_tag","embeddable":true,"href":"https:\/\/archive.sana.sy\/es\/index.php?rest_route=%2Fwp%2Fv2%2Ftags&post=231937"}],"curies":[{"name":"wp","href":"https:\/\/api.w.org\/{rel}","templated":true}]}}