{"id":231949,"date":"2022-05-04T13:56:20","date_gmt":"2022-05-04T10:56:20","guid":{"rendered":"http:\/\/107.6.182.27\/es\/?p=231949"},"modified":"2022-05-04T13:56:20","modified_gmt":"2022-05-04T10:56:20","slug":"el-kremlin-desmiente-las-noticias-difundidas-por-algunos-medios-sobre-supuestos-planes-de-declarar-la-movilizacion-general-en-rusia-durante-la-celebracion-por-el-dia-de-la-victoria","status":"publish","type":"post","link":"https:\/\/archive.sana.sy\/es\/?p=231949","title":{"rendered":"El Kremlin desmiente las noticias difundidas por algunos medios sobre supuestos planes de declarar la movilizaci\u00f3n general en Rusia durante la celebraci\u00f3n por el D\u00eda de la Victoria"},"content":{"rendered":"","protected":false},"excerpt":{"rendered":"","protected":false},"author":32,"featured_media":0,"comment_status":"closed","ping_status":"closed","sticky":false,"template":"","format":"standard","meta":{"footnotes":""},"categories":[596],"tags":[],"class_list":["post-231949","post","type-post","status-publish","format-standard","","category-urgente"],"_links":{"self":[{"href":"https:\/\/archive.sana.sy\/es\/index.php?rest_route=\/wp\/v2\/posts\/231949"}],"collection":[{"href":"https:\/\/archive.sana.sy\/es\/index.php?rest_route=\/wp\/v2\/posts"}],"about":[{"href":"https:\/\/archive.sana.sy\/es\/index.php?rest_route=\/wp\/v2\/types\/post"}],"author":[{"embeddable":true,"href":"https:\/\/archive.sana.sy\/es\/index.php?rest_route=\/wp\/v2\/users\/32"}],"replies":[{"embeddable":true,"href":"https:\/\/archive.sana.sy\/es\/index.php?rest_route=%2Fwp%2Fv2%2Fcomments&post=231949"}],"version-history":[{"count":0,"href":"https:\/\/archive.sana.sy\/es\/index.php?rest_route=\/wp\/v2\/posts\/231949\/revisions"}],"wp:attachment":[{"href":"https:\/\/archive.sana.sy\/es\/index.php?rest_route=%2Fwp%2Fv2%2Fmedia&parent=231949"}],"wp:term":[{"taxonomy":"category","embeddable":true,"href":"https:\/\/archive.sana.sy\/es\/index.php?rest_route=%2Fwp%2Fv2%2Fcategories&post=231949"},{"taxonomy":"post_tag","embeddable":true,"href":"https:\/\/archive.sana.sy\/es\/index.php?rest_route=%2Fwp%2Fv2%2Ftags&post=231949"}],"curies":[{"name":"wp","href":"https:\/\/api.w.org\/{rel}","templated":true}]}}