{"id":231951,"date":"2022-05-04T14:18:43","date_gmt":"2022-05-04T11:18:43","guid":{"rendered":"http:\/\/107.6.182.27\/es\/?p=231951"},"modified":"2023-01-10T14:03:56","modified_gmt":"2023-01-10T12:03:56","slug":"el-papa-francisco-los-ladridos-de-la-otan-a-la-puerta-de-rusia-agravaron-el-conflicto-en-ucrania","status":"publish","type":"post","link":"https:\/\/archive.sana.sy\/es\/?p=231951","title":{"rendered":"El papa Francisco: los &#8220;ladridos&#8221; de la OTAN a la puerta de Rusia agravaron el conflicto en Ucrania"},"content":{"rendered":"<p style=\"text-align: justify;\"><strong><span style=\"color: #800000;\">El Vaticano, 4 may (SANA)\u00a0<\/span><\/strong> \u00a0El papa Francisco dijo hoy que la expansi\u00f3n de la OTAN hacia el este pudo haber llevado a Rusia a lanzar su operaci\u00f3n militar especial en Ucrania.<\/p>\n<p style=\"text-align: justify;\">Quiz\u00e1 los &#8220;ladridos de la OTAN a la puerta de Rusia&#8221; provocaron que el presidente ruso, Vlad\u00edmir Putin, optara por tomar esa decisi\u00f3n, afirm\u00f3 el sumo pont\u00edfice en di\u00e1logo con el diario italiano Corriere della Sera, citado por la cadena rusa RT.<\/p>\n<p style=\"text-align: justify;\">Francisco consider\u00f3 que las acciones de la alianza disgustaron al mandatario ruso y estima que, de momento, el conflicto no se detendr\u00e1. &#8220;Un enfado que no s\u00e9 si fue provocado, pero quiz\u00e1s s\u00ed&#8221;, dijo.<\/p>\n<p style=\"text-align: justify;\">Por otro lado, el m\u00e1ximo l\u00edder de la Iglesia cat\u00f3lica reiter\u00f3 su deseo de ir a Mosc\u00fa y reunirse con Putin.<\/p>\n<p style=\"text-align: justify;\">fm\/ed<\/p>\n","protected":false},"excerpt":{"rendered":"<p>El Vaticano, 4 may (SANA)\u00a0 \u00a0El papa Francisco dijo hoy que la expansi\u00f3n de la OTAN hacia el este pudo haber llevado a Rusia a lanzar su operaci\u00f3n militar especial en Ucrania. Quiz\u00e1 los &#8220;ladridos de la OTAN a la puerta de Rusia&#8221; provocaron que el presidente ruso, Vlad\u00edmir Putin, optara por tomar esa decisi\u00f3n, &hellip;<\/p>\n","protected":false},"author":32,"featured_media":231952,"comment_status":"closed","ping_status":"closed","sticky":false,"template":"","format":"standard","meta":{"footnotes":""},"categories":[477,447,597,476,7541],"tags":[],"class_list":["post-231951","post","type-post","status-publish","format-standard","has-post-thumbnail","","category-noticias-edulcorantes","category-local-politica","category-cinta-de-noticias","category-locales","category-ultimas-noticias"],"_links":{"self":[{"href":"https:\/\/archive.sana.sy\/es\/index.php?rest_route=\/wp\/v2\/posts\/231951"}],"collection":[{"href":"https:\/\/archive.sana.sy\/es\/index.php?rest_route=\/wp\/v2\/posts"}],"about":[{"href":"https:\/\/archive.sana.sy\/es\/index.php?rest_route=\/wp\/v2\/types\/post"}],"author":[{"embeddable":true,"href":"https:\/\/archive.sana.sy\/es\/index.php?rest_route=\/wp\/v2\/users\/32"}],"replies":[{"embeddable":true,"href":"https:\/\/archive.sana.sy\/es\/index.php?rest_route=%2Fwp%2Fv2%2Fcomments&post=231951"}],"version-history":[{"count":0,"href":"https:\/\/archive.sana.sy\/es\/index.php?rest_route=\/wp\/v2\/posts\/231951\/revisions"}],"wp:featuredmedia":[{"embeddable":true,"href":"https:\/\/archive.sana.sy\/es\/index.php?rest_route=\/wp\/v2\/media\/231952"}],"wp:attachment":[{"href":"https:\/\/archive.sana.sy\/es\/index.php?rest_route=%2Fwp%2Fv2%2Fmedia&parent=231951"}],"wp:term":[{"taxonomy":"category","embeddable":true,"href":"https:\/\/archive.sana.sy\/es\/index.php?rest_route=%2Fwp%2Fv2%2Fcategories&post=231951"},{"taxonomy":"post_tag","embeddable":true,"href":"https:\/\/archive.sana.sy\/es\/index.php?rest_route=%2Fwp%2Fv2%2Ftags&post=231951"}],"curies":[{"name":"wp","href":"https:\/\/api.w.org\/{rel}","templated":true}]}}