{"id":23201,"date":"2015-05-13T22:00:50","date_gmt":"2015-05-13T19:00:50","guid":{"rendered":"http:\/\/sana.sy\/es\/?p=23201"},"modified":"2015-05-13T22:00:50","modified_gmt":"2015-05-13T19:00:50","slug":"jamenei-el-plan-trazado-por-los-enemigos-de-siria-es-peligroso","status":"publish","type":"post","link":"https:\/\/archive.sana.sy\/es\/?p=23201","title":{"rendered":"Jamenei: el plan trazado por los enemigos de Siria es \u201cpeligroso\u201d"},"content":{"rendered":"<p><span style=\"color: #0000ff\">Teher\u00e1n-SANA<\/span><\/p>\n<p style=\"text-align: justify\">El L\u00edder Supremo de la Revoluci\u00f3n Isl\u00e1mica de Ir\u00e1n Ayatol\u00e1 Sayyid Ali Jamenei, durante el encuentro que ha mantenido hoy en Teher\u00e1n con el presidente iraqu\u00ed, ha considerado como \u201cpeligroso\u201d el plan trazado por los enemigos de Siria. \u201cEllos pretenden causar inestabilidad e inseguridad en Siria con el fin de destruir toda la regi\u00f3n\u201d.<\/p>\n<p style=\"text-align: justify\">El L\u00edder de la Revoluci\u00f3n Isl\u00e1mica de Ir\u00e1n ha se\u00f1alado la importancia de mantener la estabilidad en Siria y ha aclarado que la existencia de los grupos terrorista en ese pa\u00eds beneficia al r\u00e9gimen de Israel y a todos los que buscan la inestabilidad de la regi\u00f3n.<\/p>\n<p style=\"text-align: justify\">Por otra parte, el l\u00edder iran\u00ed ha subrayado el papel influyente que puede desempe\u00f1ar Irak en los acontecimientos regionales, al mismo tiempo ha reiterado el pleno apoyo de Ir\u00e1n a Bagdad para resolver la crisis iraqu\u00ed.<\/p>\n<p style=\"text-align: justify\"><span style=\"color: #800000\">M.Miri<\/span><\/p>\n","protected":false},"excerpt":{"rendered":"<p>Teher\u00e1n-SANA El L\u00edder Supremo de la Revoluci\u00f3n Isl\u00e1mica de Ir\u00e1n Ayatol\u00e1 Sayyid Ali Jamenei, durante el encuentro que ha mantenido hoy en Teher\u00e1n con el presidente iraqu\u00ed, ha considerado como \u201cpeligroso\u201d el plan trazado por los enemigos de Siria. \u201cEllos pretenden causar inestabilidad e inseguridad en Siria con el fin de destruir toda la regi\u00f3n\u201d. &hellip;<\/p>\n","protected":false},"author":1,"featured_media":23202,"comment_status":"closed","ping_status":"closed","sticky":false,"template":"","format":"standard","meta":{"footnotes":""},"categories":[457,576],"tags":[],"class_list":["post-23201","post","type-post","status-publish","format-standard","has-post-thumbnail","","category-noticias-arabe-internacional-politica","category-noticias-politicas"],"_links":{"self":[{"href":"https:\/\/archive.sana.sy\/es\/index.php?rest_route=\/wp\/v2\/posts\/23201"}],"collection":[{"href":"https:\/\/archive.sana.sy\/es\/index.php?rest_route=\/wp\/v2\/posts"}],"about":[{"href":"https:\/\/archive.sana.sy\/es\/index.php?rest_route=\/wp\/v2\/types\/post"}],"author":[{"embeddable":true,"href":"https:\/\/archive.sana.sy\/es\/index.php?rest_route=\/wp\/v2\/users\/1"}],"replies":[{"embeddable":true,"href":"https:\/\/archive.sana.sy\/es\/index.php?rest_route=%2Fwp%2Fv2%2Fcomments&post=23201"}],"version-history":[{"count":0,"href":"https:\/\/archive.sana.sy\/es\/index.php?rest_route=\/wp\/v2\/posts\/23201\/revisions"}],"wp:featuredmedia":[{"embeddable":true,"href":"https:\/\/archive.sana.sy\/es\/index.php?rest_route=\/wp\/v2\/media\/23202"}],"wp:attachment":[{"href":"https:\/\/archive.sana.sy\/es\/index.php?rest_route=%2Fwp%2Fv2%2Fmedia&parent=23201"}],"wp:term":[{"taxonomy":"category","embeddable":true,"href":"https:\/\/archive.sana.sy\/es\/index.php?rest_route=%2Fwp%2Fv2%2Fcategories&post=23201"},{"taxonomy":"post_tag","embeddable":true,"href":"https:\/\/archive.sana.sy\/es\/index.php?rest_route=%2Fwp%2Fv2%2Ftags&post=23201"}],"curies":[{"name":"wp","href":"https:\/\/api.w.org\/{rel}","templated":true}]}}