{"id":232010,"date":"2022-05-04T19:19:08","date_gmt":"2022-05-04T16:19:08","guid":{"rendered":"http:\/\/107.6.182.27\/es\/?p=232010"},"modified":"2023-01-10T16:19:17","modified_gmt":"2023-01-10T14:19:17","slug":"mexico-apoya-el-arreglo-pacifico-de-los-conflictos-y-no-impondra-sanciones-a-rusia","status":"publish","type":"post","link":"https:\/\/archive.sana.sy\/es\/?p=232010","title":{"rendered":"M\u00e9xico apoya el arreglo pac\u00edfico de los conflictos y no impondr\u00e1 sanciones a Rusia"},"content":{"rendered":"<p style=\"text-align: justify\"><span style=\"color: #800000\"><strong>Ciudad de M\u00e9xico, 04 may (SANA)<\/strong> <\/span>El presidente mexicano, Andr\u00e9s Manuel L\u00f3pez Obrador, reiter\u00f3 que su pa\u00eds no tiene ninguna intenci\u00f3n de imponer sanciones a Rusia por su operaci\u00f3n militar especial en Ucrania.<\/p>\n<p style=\"text-align: justify\">&#8220;Creo que debemos buscar oportunidades para inciar un di\u00e1logo y llegar a un acuerdo. En cuanto a las sanciones, no pensamos imponerlas&#8221;, citaron medios de comunicaci\u00f3n al mandatario mexicano.<\/p>\n<p style=\"text-align: justify\">Agreg\u00f3 que \u201cM\u00e9xico toma una posici\u00f3n neutral y apoya el arreglo pac\u00edfico de los conflictos\u201d.<\/p>\n<p style=\"text-align: justify\">\nla<\/p>\n","protected":false},"excerpt":{"rendered":"<p>Ciudad de M\u00e9xico, 04 may (SANA) El presidente mexicano, Andr\u00e9s Manuel L\u00f3pez Obrador, reiter\u00f3 que su pa\u00eds no tiene ninguna intenci\u00f3n de imponer sanciones a Rusia por su operaci\u00f3n militar especial en Ucrania. &#8220;Creo que debemos buscar oportunidades para inciar un di\u00e1logo y llegar a un acuerdo. En cuanto a las sanciones, no pensamos imponerlas&#8221;, &hellip;<\/p>\n","protected":false},"author":24,"featured_media":232011,"comment_status":"closed","ping_status":"closed","sticky":false,"template":"","format":"standard","meta":{"footnotes":""},"categories":[597,456],"tags":[],"class_list":["post-232010","post","type-post","status-publish","format-standard","has-post-thumbnail","","category-cinta-de-noticias","category-arabe-internacional-politica"],"_links":{"self":[{"href":"https:\/\/archive.sana.sy\/es\/index.php?rest_route=\/wp\/v2\/posts\/232010"}],"collection":[{"href":"https:\/\/archive.sana.sy\/es\/index.php?rest_route=\/wp\/v2\/posts"}],"about":[{"href":"https:\/\/archive.sana.sy\/es\/index.php?rest_route=\/wp\/v2\/types\/post"}],"author":[{"embeddable":true,"href":"https:\/\/archive.sana.sy\/es\/index.php?rest_route=\/wp\/v2\/users\/24"}],"replies":[{"embeddable":true,"href":"https:\/\/archive.sana.sy\/es\/index.php?rest_route=%2Fwp%2Fv2%2Fcomments&post=232010"}],"version-history":[{"count":0,"href":"https:\/\/archive.sana.sy\/es\/index.php?rest_route=\/wp\/v2\/posts\/232010\/revisions"}],"wp:featuredmedia":[{"embeddable":true,"href":"https:\/\/archive.sana.sy\/es\/index.php?rest_route=\/wp\/v2\/media\/232011"}],"wp:attachment":[{"href":"https:\/\/archive.sana.sy\/es\/index.php?rest_route=%2Fwp%2Fv2%2Fmedia&parent=232010"}],"wp:term":[{"taxonomy":"category","embeddable":true,"href":"https:\/\/archive.sana.sy\/es\/index.php?rest_route=%2Fwp%2Fv2%2Fcategories&post=232010"},{"taxonomy":"post_tag","embeddable":true,"href":"https:\/\/archive.sana.sy\/es\/index.php?rest_route=%2Fwp%2Fv2%2Ftags&post=232010"}],"curies":[{"name":"wp","href":"https:\/\/api.w.org\/{rel}","templated":true}]}}