{"id":23204,"date":"2015-05-13T22:10:42","date_gmt":"2015-05-13T19:10:42","guid":{"rendered":"http:\/\/sana.sy\/es\/?p=23204"},"modified":"2015-05-13T22:10:42","modified_gmt":"2015-05-13T19:10:42","slug":"berri-y-abdul-karim-discuten-la-lucha-contra-el-terrorismo","status":"publish","type":"post","link":"https:\/\/archive.sana.sy\/es\/?p=23204","title":{"rendered":"Berri y Abdul-Karim, discuten la lucha contra el terrorismo"},"content":{"rendered":"<p><span style=\"color: #0000ff\">Beirut-SANA<\/span><\/p>\n<p style=\"text-align: justify\">El presidente del Parlamento liban\u00e9s, Nabih Berri discuti\u00f3 el mi\u00e9rcoles con el embajador de Siria en Beirut, Ali Abdul-Karim los \u00faltimos acontecimientos en la regi\u00f3n y las relaciones bilaterales entre Siria y el L\u00edbano.<\/p>\n<p style=\"text-align: justify\">&#8220;Las conversaciones durante la reuni\u00f3n trataron el terrorismo y la guerra que Siria y el L\u00edbano est\u00e1n llevando en contra del terrorismo apoyado por los estados regionales e internacionales bajo diferentes pretextos,&#8221; seg\u00fan relat\u00f3 el embajador Abdul-Karim en un comunicado despu\u00e9s de la reuni\u00f3n.<\/p>\n<p style=\"text-align: justify\">En paralelo Abdul-Karim, Agreg\u00f3 que las conversaciones tambi\u00e9n abordaron la seguridad y la coordinaci\u00f3n entre los dos ej\u00e9rcitos y pa\u00edses.<\/p>\n<p><span style=\"color: #800000\">M.Miri<\/span><\/p>\n","protected":false},"excerpt":{"rendered":"<p>Beirut-SANA El presidente del Parlamento liban\u00e9s, Nabih Berri discuti\u00f3 el mi\u00e9rcoles con el embajador de Siria en Beirut, Ali Abdul-Karim los \u00faltimos acontecimientos en la regi\u00f3n y las relaciones bilaterales entre Siria y el L\u00edbano. &#8220;Las conversaciones durante la reuni\u00f3n trataron el terrorismo y la guerra que Siria y el L\u00edbano est\u00e1n llevando en contra &hellip;<\/p>\n","protected":false},"author":1,"featured_media":23205,"comment_status":"closed","ping_status":"closed","sticky":false,"template":"","format":"standard","meta":{"footnotes":""},"categories":[457,576],"tags":[5241,5242],"class_list":["post-23204","post","type-post","status-publish","format-standard","has-post-thumbnail","","category-noticias-arabe-internacional-politica","category-noticias-politicas","tag-berri-y-abdul-karim","tag-discuten-la-lucha-contra-el-terrorismo"],"_links":{"self":[{"href":"https:\/\/archive.sana.sy\/es\/index.php?rest_route=\/wp\/v2\/posts\/23204"}],"collection":[{"href":"https:\/\/archive.sana.sy\/es\/index.php?rest_route=\/wp\/v2\/posts"}],"about":[{"href":"https:\/\/archive.sana.sy\/es\/index.php?rest_route=\/wp\/v2\/types\/post"}],"author":[{"embeddable":true,"href":"https:\/\/archive.sana.sy\/es\/index.php?rest_route=\/wp\/v2\/users\/1"}],"replies":[{"embeddable":true,"href":"https:\/\/archive.sana.sy\/es\/index.php?rest_route=%2Fwp%2Fv2%2Fcomments&post=23204"}],"version-history":[{"count":0,"href":"https:\/\/archive.sana.sy\/es\/index.php?rest_route=\/wp\/v2\/posts\/23204\/revisions"}],"wp:featuredmedia":[{"embeddable":true,"href":"https:\/\/archive.sana.sy\/es\/index.php?rest_route=\/wp\/v2\/media\/23205"}],"wp:attachment":[{"href":"https:\/\/archive.sana.sy\/es\/index.php?rest_route=%2Fwp%2Fv2%2Fmedia&parent=23204"}],"wp:term":[{"taxonomy":"category","embeddable":true,"href":"https:\/\/archive.sana.sy\/es\/index.php?rest_route=%2Fwp%2Fv2%2Fcategories&post=23204"},{"taxonomy":"post_tag","embeddable":true,"href":"https:\/\/archive.sana.sy\/es\/index.php?rest_route=%2Fwp%2Fv2%2Ftags&post=23204"}],"curies":[{"name":"wp","href":"https:\/\/api.w.org\/{rel}","templated":true}]}}