{"id":23216,"date":"2015-05-13T22:52:22","date_gmt":"2015-05-13T19:52:22","guid":{"rendered":"http:\/\/sana.sy\/es\/?p=23216"},"modified":"2015-05-13T22:52:22","modified_gmt":"2015-05-13T19:52:22","slug":"alianza-atlantica-otan-descarta-el-establecimiento-de-un-area-de-exclusion-en-siria","status":"publish","type":"post","link":"https:\/\/archive.sana.sy\/es\/?p=23216","title":{"rendered":"Alianza Atl\u00e1ntica (OTAN) descarta el establecimiento de un \u00e1rea de exclusi\u00f3n en Siria"},"content":{"rendered":"<p><span style=\"color: #0000ff\">Anatolia-Turqu\u00eda-SANA<\/span><\/p>\n<p style=\"text-align: justify\">El Secretario General de la OTAN, Jens Stoltenberg., reiter\u00f3 que el establecimiento de zonas de protecci\u00f3n en Siria, algo que algunos estados de la regi\u00f3n se lo exigen, que por ahora no se debate en el seno de la OTAN la creaci\u00f3n de zonas tap\u00f3n o de amortiguamiento.<\/p>\n<p style=\"text-align: justify\">Durante la reuni\u00f3n de los ministros de Exteriores de la OTAN en Anatolia el mi\u00e9rcoles, Stoltenberg dijo que no se habl\u00f3 sobre el establecimiento de las zonas de amortiguamiento en Siria durante la reuni\u00f3n, y que esta cuesti\u00f3n se hab\u00eda discutido varias veces.<\/p>\n<p style=\"text-align: justify\">En el mismo contexto, agreg\u00f3 que la OTAN no est\u00e1 directamente involucrada en las operaciones de la alianza internacional liderada por Estados Unidos en contra de ISIS, a pesar de que algunos de los estados miembros de la OTAN participan en estas operaciones en Irak y Siria.<\/p>\n<p style=\"text-align: justify\">\n<span style=\"color: #800000\">M.Miri<\/span><\/p>\n","protected":false},"excerpt":{"rendered":"<p>Anatolia-Turqu\u00eda-SANA El Secretario General de la OTAN, Jens Stoltenberg., reiter\u00f3 que el establecimiento de zonas de protecci\u00f3n en Siria, algo que algunos estados de la regi\u00f3n se lo exigen, que por ahora no se debate en el seno de la OTAN la creaci\u00f3n de zonas tap\u00f3n o de amortiguamiento. Durante la reuni\u00f3n de los ministros &hellip;<\/p>\n","protected":false},"author":1,"featured_media":23217,"comment_status":"closed","ping_status":"closed","sticky":false,"template":"","format":"standard","meta":{"footnotes":""},"categories":[457,576],"tags":[5246],"class_list":["post-23216","post","type-post","status-publish","format-standard","has-post-thumbnail","","category-noticias-arabe-internacional-politica","category-noticias-politicas","tag-alianza-atlantica-otan-descarta-el-establecimiento-de-un-area-de-exclusion-en-siria"],"_links":{"self":[{"href":"https:\/\/archive.sana.sy\/es\/index.php?rest_route=\/wp\/v2\/posts\/23216"}],"collection":[{"href":"https:\/\/archive.sana.sy\/es\/index.php?rest_route=\/wp\/v2\/posts"}],"about":[{"href":"https:\/\/archive.sana.sy\/es\/index.php?rest_route=\/wp\/v2\/types\/post"}],"author":[{"embeddable":true,"href":"https:\/\/archive.sana.sy\/es\/index.php?rest_route=\/wp\/v2\/users\/1"}],"replies":[{"embeddable":true,"href":"https:\/\/archive.sana.sy\/es\/index.php?rest_route=%2Fwp%2Fv2%2Fcomments&post=23216"}],"version-history":[{"count":0,"href":"https:\/\/archive.sana.sy\/es\/index.php?rest_route=\/wp\/v2\/posts\/23216\/revisions"}],"wp:featuredmedia":[{"embeddable":true,"href":"https:\/\/archive.sana.sy\/es\/index.php?rest_route=\/wp\/v2\/media\/23217"}],"wp:attachment":[{"href":"https:\/\/archive.sana.sy\/es\/index.php?rest_route=%2Fwp%2Fv2%2Fmedia&parent=23216"}],"wp:term":[{"taxonomy":"category","embeddable":true,"href":"https:\/\/archive.sana.sy\/es\/index.php?rest_route=%2Fwp%2Fv2%2Fcategories&post=23216"},{"taxonomy":"post_tag","embeddable":true,"href":"https:\/\/archive.sana.sy\/es\/index.php?rest_route=%2Fwp%2Fv2%2Ftags&post=23216"}],"curies":[{"name":"wp","href":"https:\/\/api.w.org\/{rel}","templated":true}]}}