{"id":232160,"date":"2022-05-06T08:25:36","date_gmt":"2022-05-06T05:25:36","guid":{"rendered":"http:\/\/107.6.182.27\/es\/?p=232160"},"modified":"2023-01-10T16:19:12","modified_gmt":"2023-01-10T14:19:12","slug":"occidente-utiliza-a-ucrania-como-una-guerra-proxy-contra-rusia-afirma-nebenzia","status":"publish","type":"post","link":"https:\/\/archive.sana.sy\/es\/?p=232160","title":{"rendered":"Occidente utiliza a Ucrania como una \u201cguerra proxy\u201d contra Rusia, afirma Nebenzia"},"content":{"rendered":"<p style=\"text-align: justify;\"><strong>Nueva York, 6 may (SANA<\/strong>) El representante permanente de Rusia ante el Consejo de Seguridad de la ONU, Vasili Nebenzia, denunci\u00f3 una guerra mundial en el sector econ\u00f3mico y calific\u00f3 de \u201crobo\u201d las medidas econ\u00f3micas de Occidente contra Rusia.<\/p>\n<p style=\"text-align: justify;\">&#8220;Simplemente ustedes est\u00e1n robando, aparte de sanciones y apropiaci\u00f3n de la propiedad privada de ciudadanos rusos, Occidente congel\u00f3 cuentas bancarias del pa\u00eds por un valor de 300.000 millones de d\u00f3lares&#8221;, afirm\u00f3 el embajador ruso, citado por RT.<\/p>\n<p style=\"text-align: justify;\">&#8220;\u00bfDe qu\u00e9 derecho internacional est\u00e1n hablando entonces?&#8221;, pregunt\u00f3 en ese contexto, destacando que las acciones en cuesti\u00f3n constituyen &#8220;un robo&#8221;.<\/p>\n<p style=\"text-align: justify;\">Durante su intervenci\u00f3n, Nebenzia sostuvo que Occidente necesita a Ucrania solo como &#8220;arena para un enfrentamiento con Rusia&#8221;. Adem\u00e1s, destac\u00f3 que Kiev no debe hacerse ilusiones: los pa\u00edses occidentales no van a ayudarle, excepto a trav\u00e9s de suministros de armas e intentos de &#8220;prolongar el conflicto&#8221;.<\/p>\n<p style=\"text-align: justify;\"><em><strong>fm\/ah<\/strong><\/em><\/p>\n","protected":false},"excerpt":{"rendered":"<p>Nueva York, 6 may (SANA) El representante permanente de Rusia ante el Consejo de Seguridad de la ONU, Vasili Nebenzia, denunci\u00f3 una guerra mundial en el sector econ\u00f3mico y calific\u00f3 de \u201crobo\u201d las medidas econ\u00f3micas de Occidente contra Rusia. &#8220;Simplemente ustedes est\u00e1n robando, aparte de sanciones y apropiaci\u00f3n de la propiedad privada de ciudadanos rusos, &hellip;<\/p>\n","protected":false},"author":30,"featured_media":232161,"comment_status":"closed","ping_status":"closed","sticky":false,"template":"","format":"standard","meta":{"footnotes":""},"categories":[597,456],"tags":[],"class_list":["post-232160","post","type-post","status-publish","format-standard","has-post-thumbnail","","category-cinta-de-noticias","category-arabe-internacional-politica"],"_links":{"self":[{"href":"https:\/\/archive.sana.sy\/es\/index.php?rest_route=\/wp\/v2\/posts\/232160"}],"collection":[{"href":"https:\/\/archive.sana.sy\/es\/index.php?rest_route=\/wp\/v2\/posts"}],"about":[{"href":"https:\/\/archive.sana.sy\/es\/index.php?rest_route=\/wp\/v2\/types\/post"}],"author":[{"embeddable":true,"href":"https:\/\/archive.sana.sy\/es\/index.php?rest_route=\/wp\/v2\/users\/30"}],"replies":[{"embeddable":true,"href":"https:\/\/archive.sana.sy\/es\/index.php?rest_route=%2Fwp%2Fv2%2Fcomments&post=232160"}],"version-history":[{"count":0,"href":"https:\/\/archive.sana.sy\/es\/index.php?rest_route=\/wp\/v2\/posts\/232160\/revisions"}],"wp:featuredmedia":[{"embeddable":true,"href":"https:\/\/archive.sana.sy\/es\/index.php?rest_route=\/wp\/v2\/media\/232161"}],"wp:attachment":[{"href":"https:\/\/archive.sana.sy\/es\/index.php?rest_route=%2Fwp%2Fv2%2Fmedia&parent=232160"}],"wp:term":[{"taxonomy":"category","embeddable":true,"href":"https:\/\/archive.sana.sy\/es\/index.php?rest_route=%2Fwp%2Fv2%2Fcategories&post=232160"},{"taxonomy":"post_tag","embeddable":true,"href":"https:\/\/archive.sana.sy\/es\/index.php?rest_route=%2Fwp%2Fv2%2Ftags&post=232160"}],"curies":[{"name":"wp","href":"https:\/\/api.w.org\/{rel}","templated":true}]}}