{"id":232201,"date":"2022-05-06T11:55:11","date_gmt":"2022-05-06T08:55:11","guid":{"rendered":"http:\/\/107.6.182.27\/es\/?p=232201"},"modified":"2023-01-10T16:19:11","modified_gmt":"2023-01-10T14:19:11","slug":"seguridad-rusa-arresta-a-6-neonazis-en-rostov","status":"publish","type":"post","link":"https:\/\/archive.sana.sy\/es\/?p=232201","title":{"rendered":"Seguridad rusa arresta a 6 neonazis en Rostov"},"content":{"rendered":"<p style=\"text-align: justify;\"><strong>Mosc\u00fa, 06 may (SANA) <\/strong>El Ministerio del Interior ruso anunci\u00f3 el arresto de seis neonazis en la regi\u00f3n de Rostov, en el sur de Rusia.<\/p>\n<p style=\"text-align: justify;\">&#8220;Los oficiales del centro antiterrorista y en cooperaci\u00f3n con la rama regional del Servicio Federal de Seguridad de Rusia lograron detener las actividades de un grupo extremista&#8221;, cit\u00f3 TASS a la administraci\u00f3n de Rostov en el Ministerio del Interior.<\/p>\n<p style=\"text-align: justify;\">Seg\u00fan la declaraci\u00f3n, el grupo llev\u00f3 a cabo su primer acto extremista en la ciudad rusa de Shakhty en octubre de 2021, al destruir un monumento conmemorativo de la Segunda Guerra Mundial y una fosa com\u00fan en la ciudad, as\u00ed como incendi\u00f3 una cafeter\u00eda y dibuj\u00f3 consignas nazis en edificios gubernamentales de la ciudad, adem\u00e1s de llevar a cabo una serie de ataques por motivos \u00e9tnicos en las ciudades de Novotcherkask y Rostov lo que caus\u00f3 muchos heridos.<\/p>\n<p style=\"text-align: justify;\">\u201cEstos mercenarios filmaron videos de sus actos ilegales y los publicaron en las redes sociales con el objetivo de reclutar m\u00e1s elementos y publicaron informaci\u00f3n sobre ideas neonazis para promoverlas, as\u00ed como la difundieron consignas nazis alemanas\u201d, a\u00f1adi\u00f3.<\/p>\n<p style=\"text-align: justify;\">Durante el registro de los apartamentos de estos detenidos, se confiscaron armas, binoculares de visi\u00f3n y porras de acero, as\u00ed como dispositivos celulares y memorias electr\u00f3nicas que estaban utilizando en sus operaciones, seg\u00fan el comunicado.<\/p>\n<p style=\"text-align: justify;\"><em><strong>ah\/rsh<\/strong><\/em><\/p>\n","protected":false},"excerpt":{"rendered":"<p>Mosc\u00fa, 06 may (SANA) El Ministerio del Interior ruso anunci\u00f3 el arresto de seis neonazis en la regi\u00f3n de Rostov, en el sur de Rusia. &#8220;Los oficiales del centro antiterrorista y en cooperaci\u00f3n con la rama regional del Servicio Federal de Seguridad de Rusia lograron detener las actividades de un grupo extremista&#8221;, cit\u00f3 TASS a &hellip;<\/p>\n","protected":false},"author":30,"featured_media":232202,"comment_status":"closed","ping_status":"closed","sticky":false,"template":"","format":"standard","meta":{"footnotes":""},"categories":[597,456],"tags":[],"class_list":["post-232201","post","type-post","status-publish","format-standard","has-post-thumbnail","","category-cinta-de-noticias","category-arabe-internacional-politica"],"_links":{"self":[{"href":"https:\/\/archive.sana.sy\/es\/index.php?rest_route=\/wp\/v2\/posts\/232201"}],"collection":[{"href":"https:\/\/archive.sana.sy\/es\/index.php?rest_route=\/wp\/v2\/posts"}],"about":[{"href":"https:\/\/archive.sana.sy\/es\/index.php?rest_route=\/wp\/v2\/types\/post"}],"author":[{"embeddable":true,"href":"https:\/\/archive.sana.sy\/es\/index.php?rest_route=\/wp\/v2\/users\/30"}],"replies":[{"embeddable":true,"href":"https:\/\/archive.sana.sy\/es\/index.php?rest_route=%2Fwp%2Fv2%2Fcomments&post=232201"}],"version-history":[{"count":0,"href":"https:\/\/archive.sana.sy\/es\/index.php?rest_route=\/wp\/v2\/posts\/232201\/revisions"}],"wp:featuredmedia":[{"embeddable":true,"href":"https:\/\/archive.sana.sy\/es\/index.php?rest_route=\/wp\/v2\/media\/232202"}],"wp:attachment":[{"href":"https:\/\/archive.sana.sy\/es\/index.php?rest_route=%2Fwp%2Fv2%2Fmedia&parent=232201"}],"wp:term":[{"taxonomy":"category","embeddable":true,"href":"https:\/\/archive.sana.sy\/es\/index.php?rest_route=%2Fwp%2Fv2%2Fcategories&post=232201"},{"taxonomy":"post_tag","embeddable":true,"href":"https:\/\/archive.sana.sy\/es\/index.php?rest_route=%2Fwp%2Fv2%2Ftags&post=232201"}],"curies":[{"name":"wp","href":"https:\/\/api.w.org\/{rel}","templated":true}]}}