{"id":232211,"date":"2022-05-06T13:23:18","date_gmt":"2022-05-06T10:23:18","guid":{"rendered":"http:\/\/107.6.182.27\/es\/?p=232211"},"modified":"2023-01-10T16:19:10","modified_gmt":"2023-01-10T14:19:10","slug":"austriacos-pagan-por-la-luz-en-marzo-un-424-mas-que-hace-un-ano","status":"publish","type":"post","link":"https:\/\/archive.sana.sy\/es\/?p=232211","title":{"rendered":"Austriacos pagan por la luz en marzo un 42,4% m\u00e1s que hace un a\u00f1o"},"content":{"rendered":"<blockquote>\n<p style=\"text-align: justify;\">Se se\u00f1ala que los precios del gas\u00f3leo se dispararon en marzo por la operaci\u00f3n militar rusa en Ucrania, duplic\u00e1ndose con creces \u2014el 118,5%\u2014 en comparaci\u00f3n con marzo de 2021. El aumento con respecto al indicador de febrero pasado fue del 51,5%.<\/p>\n<\/blockquote>\n<p style=\"text-align: justify;\"><span style=\"color: #800000;\"><strong>Viena, 6 may (SANA)\u00a0<\/strong> <\/span>La poblaci\u00f3n de Austria tuvo que pagar por la luz en marzo pasado un 42,4% m\u00e1s que hace un a\u00f1o, inform\u00f3 hoy la agencia Sputnik.<\/p>\n<p style=\"text-align: justify;\">&#8220;El aumento de los precios del combustible y del gas\u00f3leo que vimos en marzo es algo nuevo&#8221;, coment\u00f3 el director gerente de la Agencia de Energ\u00eda de Austria (AEA), Franz Angerer.<\/p>\n<p style=\"text-align: justify;\">Se se\u00f1ala que los precios del gas\u00f3leo se dispararon en marzo por la operaci\u00f3n militar rusa en Ucrania, duplic\u00e1ndose con creces \u2014el 118,5%\u2014 en comparaci\u00f3n con marzo de 2021. El aumento con respecto al indicador de febrero pasado fue del 51,5%.<\/p>\n<p style=\"text-align: justify;\">fm\/sm<\/p>\n","protected":false},"excerpt":{"rendered":"<p>Se se\u00f1ala que los precios del gas\u00f3leo se dispararon en marzo por la operaci\u00f3n militar rusa en Ucrania, duplic\u00e1ndose con creces \u2014el 118,5%\u2014 en comparaci\u00f3n con marzo de 2021. El aumento con respecto al indicador de febrero pasado fue del 51,5%. Viena, 6 may (SANA)\u00a0 La poblaci\u00f3n de Austria tuvo que pagar por la luz &hellip;<\/p>\n","protected":false},"author":39,"featured_media":232212,"comment_status":"closed","ping_status":"closed","sticky":false,"template":"","format":"standard","meta":{"footnotes":""},"categories":[16686,485,456],"tags":[],"class_list":["post-232211","post","type-post","status-publish","format-standard","has-post-thumbnail","","category-economia","category-informes-negocios-y-finanzas","category-arabe-internacional-politica"],"_links":{"self":[{"href":"https:\/\/archive.sana.sy\/es\/index.php?rest_route=\/wp\/v2\/posts\/232211"}],"collection":[{"href":"https:\/\/archive.sana.sy\/es\/index.php?rest_route=\/wp\/v2\/posts"}],"about":[{"href":"https:\/\/archive.sana.sy\/es\/index.php?rest_route=\/wp\/v2\/types\/post"}],"author":[{"embeddable":true,"href":"https:\/\/archive.sana.sy\/es\/index.php?rest_route=\/wp\/v2\/users\/39"}],"replies":[{"embeddable":true,"href":"https:\/\/archive.sana.sy\/es\/index.php?rest_route=%2Fwp%2Fv2%2Fcomments&post=232211"}],"version-history":[{"count":0,"href":"https:\/\/archive.sana.sy\/es\/index.php?rest_route=\/wp\/v2\/posts\/232211\/revisions"}],"wp:featuredmedia":[{"embeddable":true,"href":"https:\/\/archive.sana.sy\/es\/index.php?rest_route=\/wp\/v2\/media\/232212"}],"wp:attachment":[{"href":"https:\/\/archive.sana.sy\/es\/index.php?rest_route=%2Fwp%2Fv2%2Fmedia&parent=232211"}],"wp:term":[{"taxonomy":"category","embeddable":true,"href":"https:\/\/archive.sana.sy\/es\/index.php?rest_route=%2Fwp%2Fv2%2Fcategories&post=232211"},{"taxonomy":"post_tag","embeddable":true,"href":"https:\/\/archive.sana.sy\/es\/index.php?rest_route=%2Fwp%2Fv2%2Ftags&post=232211"}],"curies":[{"name":"wp","href":"https:\/\/api.w.org\/{rel}","templated":true}]}}