{"id":232249,"date":"2022-05-06T18:18:50","date_gmt":"2022-05-06T15:18:50","guid":{"rendered":"http:\/\/107.6.182.27\/es\/?p=232249"},"modified":"2023-01-10T14:03:54","modified_gmt":"2023-01-10T12:03:54","slug":"figuras-oficiales-y-civiles-visitan-cementerios-de-martires-en-varias-provincias-del-pais-fotos","status":"publish","type":"post","link":"https:\/\/archive.sana.sy\/es\/?p=232249","title":{"rendered":"Actores gubernamentales y civiles visitan cementerios de m\u00e1rtires en varias provincias del pa\u00eds (+fotos)"},"content":{"rendered":"<p style=\"text-align: justify;\"><span style=\"color: #800000;\"><strong>Provincias, 06 may (SANA)\u00a0 <\/strong><\/span>Con motivo del D\u00eda de los M\u00e1rtires, personalidades oficiales y populares visitaron hoy algunos cementerios de m\u00e1rtires en varias provincias sirias, y colocaron ofrendas florales en sus tumbas.<\/p>\n<p style=\"text-align: justify;\">\u201cEl D\u00eda de los M\u00e1rtires es la ocasi\u00f3n m\u00e1s sagrada para conmemorar a aquellos que dieron sus posesiones m\u00e1s preciadas por el bien de su patria\u201d, dijo el gobernador de Damasco, Adel Al-Olabi, durante su visita al cementerio de los m\u00e1rtires de la capital.<\/p>\n<p style=\"text-align: justify;\">En el cementerio de los m\u00e1rtires en Damasco-campo, el gobernador de esta provincia, Moataz Abu Al-Nasr Jamran, afirm\u00f3 que el pueblo sirio seguir\u00e1 el camino de los m\u00e1rtires que son las antorchas que iluminaron los senderos de la patria.<br \/>\nPor su parte, el gobernador de Hama, Muhammad Tariq Krishati, se\u00f1al\u00f3 ante el monumento al Soldado Desconocido en la ciudad que: \u201cLos m\u00e1rtires son el modelo a seguir, y gracias a su sangre, Siria ha vencido al terrorismo\u201d.<\/p>\n<p style=\"text-align: justify;\">Asimismo, en la provincia costera de Tartous, se inaugur\u00f3 un memorial dedicado a los m\u00e1rtires en la ciudad de Sheikh Badr, con la participaci\u00f3n de figuras civiles, oficiales y religiosas.<\/p>\n<p style=\"text-align: justify;\">Los participantes en el acto confirmaron que el hero\u00edsmo y los sacrificios de los m\u00e1rtires siempre ser\u00e1n recordados y apreciados.<\/p>\n<p style=\"text-align: justify;\">sm\/rr<\/p>\n<div id='gallery-1' class='gallery galleryid-232249 gallery-columns-1 gallery-size-full'><figure class='gallery-item'>\n\t\t\t<div class='gallery-icon landscape'>\n\t\t\t\t<a href='https:\/\/archive.sana.sy\/es\/?attachment_id=232251'><img loading=\"lazy\" decoding=\"async\" width=\"2560\" height=\"1710\" src=\"https:\/\/archive.sana.sy\/es\/wp-content\/uploads\/2022\/05\/3-3-scaled.jpg\" class=\"attachment-full size-full\" alt=\"\" srcset=\"https:\/\/archive.sana.sy\/es\/wp-content\/uploads\/2022\/05\/3-3-scaled.jpg 2560w, https:\/\/archive.sana.sy\/es\/wp-content\/uploads\/2022\/05\/3-3-300x200.jpg 300w, https:\/\/archive.sana.sy\/es\/wp-content\/uploads\/2022\/05\/3-3-1024x684.jpg 1024w, https:\/\/archive.sana.sy\/es\/wp-content\/uploads\/2022\/05\/3-3-150x100.jpg 150w, https:\/\/archive.sana.sy\/es\/wp-content\/uploads\/2022\/05\/3-3-768x513.jpg 768w, https:\/\/archive.sana.sy\/es\/wp-content\/uploads\/2022\/05\/3-3-1536x1026.jpg 1536w, https:\/\/archive.sana.sy\/es\/wp-content\/uploads\/2022\/05\/3-3-2048x1368.jpg 2048w\" sizes=\"(max-width: 2560px) 100vw, 2560px\" \/><\/a>\n\t\t\t<\/div><\/figure><figure class='gallery-item'>\n\t\t\t<div class='gallery-icon landscape'>\n\t\t\t\t<a href='https:\/\/archive.sana.sy\/es\/?attachment_id=232252'><img loading=\"lazy\" decoding=\"async\" width=\"2560\" height=\"1710\" src=\"https:\/\/archive.sana.sy\/es\/wp-content\/uploads\/2022\/05\/3-5-scaled.jpg\" class=\"attachment-full size-full\" alt=\"\" srcset=\"https:\/\/archive.sana.sy\/es\/wp-content\/uploads\/2022\/05\/3-5-scaled.jpg 2560w, https:\/\/archive.sana.sy\/es\/wp-content\/uploads\/2022\/05\/3-5-300x200.jpg 300w, https:\/\/archive.sana.sy\/es\/wp-content\/uploads\/2022\/05\/3-5-1024x684.jpg 1024w, https:\/\/archive.sana.sy\/es\/wp-content\/uploads\/2022\/05\/3-5-150x100.jpg 150w, https:\/\/archive.sana.sy\/es\/wp-content\/uploads\/2022\/05\/3-5-768x513.jpg 768w, https:\/\/archive.sana.sy\/es\/wp-content\/uploads\/2022\/05\/3-5-1536x1026.jpg 1536w, https:\/\/archive.sana.sy\/es\/wp-content\/uploads\/2022\/05\/3-5-2048x1368.jpg 2048w\" sizes=\"(max-width: 2560px) 100vw, 2560px\" \/><\/a>\n\t\t\t<\/div><\/figure><figure class='gallery-item'>\n\t\t\t<div class='gallery-icon landscape'>\n\t\t\t\t<a href='https:\/\/archive.sana.sy\/es\/?attachment_id=232253'><img loading=\"lazy\" decoding=\"async\" width=\"2560\" height=\"1622\" src=\"https:\/\/archive.sana.sy\/es\/wp-content\/uploads\/2022\/05\/3-12-scaled.jpg\" class=\"attachment-full size-full\" alt=\"\" srcset=\"https:\/\/archive.sana.sy\/es\/wp-content\/uploads\/2022\/05\/3-12-scaled.jpg 2560w, https:\/\/archive.sana.sy\/es\/wp-content\/uploads\/2022\/05\/3-12-300x190.jpg 300w, https:\/\/archive.sana.sy\/es\/wp-content\/uploads\/2022\/05\/3-12-1024x649.jpg 1024w, https:\/\/archive.sana.sy\/es\/wp-content\/uploads\/2022\/05\/3-12-150x95.jpg 150w, https:\/\/archive.sana.sy\/es\/wp-content\/uploads\/2022\/05\/3-12-768x487.jpg 768w, https:\/\/archive.sana.sy\/es\/wp-content\/uploads\/2022\/05\/3-12-1536x973.jpg 1536w, https:\/\/archive.sana.sy\/es\/wp-content\/uploads\/2022\/05\/3-12-2048x1298.jpg 2048w\" sizes=\"(max-width: 2560px) 100vw, 2560px\" \/><\/a>\n\t\t\t<\/div><\/figure><figure class='gallery-item'>\n\t\t\t<div class='gallery-icon landscape'>\n\t\t\t\t<a href='https:\/\/archive.sana.sy\/es\/?attachment_id=232254'><img loading=\"lazy\" decoding=\"async\" width=\"2560\" height=\"1704\" src=\"https:\/\/archive.sana.sy\/es\/wp-content\/uploads\/2022\/05\/DSC_3863-scaled.jpg\" class=\"attachment-full size-full\" alt=\"\" srcset=\"https:\/\/archive.sana.sy\/es\/wp-content\/uploads\/2022\/05\/DSC_3863-scaled.jpg 2560w, https:\/\/archive.sana.sy\/es\/wp-content\/uploads\/2022\/05\/DSC_3863-300x200.jpg 300w, https:\/\/archive.sana.sy\/es\/wp-content\/uploads\/2022\/05\/DSC_3863-1024x682.jpg 1024w, https:\/\/archive.sana.sy\/es\/wp-content\/uploads\/2022\/05\/DSC_3863-150x100.jpg 150w, https:\/\/archive.sana.sy\/es\/wp-content\/uploads\/2022\/05\/DSC_3863-768x511.jpg 768w, https:\/\/archive.sana.sy\/es\/wp-content\/uploads\/2022\/05\/DSC_3863-1536x1022.jpg 1536w, https:\/\/archive.sana.sy\/es\/wp-content\/uploads\/2022\/05\/DSC_3863-2048x1363.jpg 2048w, https:\/\/archive.sana.sy\/es\/wp-content\/uploads\/2022\/05\/DSC_3863-310x205.jpg 310w\" sizes=\"(max-width: 2560px) 100vw, 2560px\" \/><\/a>\n\t\t\t<\/div><\/figure><figure class='gallery-item'>\n\t\t\t<div class='gallery-icon landscape'>\n\t\t\t\t<a href='https:\/\/archive.sana.sy\/es\/?attachment_id=232255'><img loading=\"lazy\" decoding=\"async\" width=\"2560\" height=\"1600\" src=\"https:\/\/archive.sana.sy\/es\/wp-content\/uploads\/2022\/05\/DSC_3869-scaled.jpg\" class=\"attachment-full size-full\" alt=\"\" srcset=\"https:\/\/archive.sana.sy\/es\/wp-content\/uploads\/2022\/05\/DSC_3869-scaled.jpg 2560w, https:\/\/archive.sana.sy\/es\/wp-content\/uploads\/2022\/05\/DSC_3869-300x188.jpg 300w, https:\/\/archive.sana.sy\/es\/wp-content\/uploads\/2022\/05\/DSC_3869-1024x640.jpg 1024w, https:\/\/archive.sana.sy\/es\/wp-content\/uploads\/2022\/05\/DSC_3869-150x94.jpg 150w, https:\/\/archive.sana.sy\/es\/wp-content\/uploads\/2022\/05\/DSC_3869-768x480.jpg 768w, https:\/\/archive.sana.sy\/es\/wp-content\/uploads\/2022\/05\/DSC_3869-1536x960.jpg 1536w, https:\/\/archive.sana.sy\/es\/wp-content\/uploads\/2022\/05\/DSC_3869-2048x1280.jpg 2048w\" sizes=\"(max-width: 2560px) 100vw, 2560px\" \/><\/a>\n\t\t\t<\/div><\/figure><figure class='gallery-item'>\n\t\t\t<div class='gallery-icon landscape'>\n\t\t\t\t<a href='https:\/\/archive.sana.sy\/es\/?attachment_id=232256'><img loading=\"lazy\" decoding=\"async\" width=\"2560\" height=\"1651\" src=\"https:\/\/archive.sana.sy\/es\/wp-content\/uploads\/2022\/05\/DSC_3903-scaled.jpg\" class=\"attachment-full size-full\" alt=\"\" srcset=\"https:\/\/archive.sana.sy\/es\/wp-content\/uploads\/2022\/05\/DSC_3903-scaled.jpg 2560w, https:\/\/archive.sana.sy\/es\/wp-content\/uploads\/2022\/05\/DSC_3903-300x193.jpg 300w, https:\/\/archive.sana.sy\/es\/wp-content\/uploads\/2022\/05\/DSC_3903-1024x660.jpg 1024w, https:\/\/archive.sana.sy\/es\/wp-content\/uploads\/2022\/05\/DSC_3903-150x97.jpg 150w, https:\/\/archive.sana.sy\/es\/wp-content\/uploads\/2022\/05\/DSC_3903-768x495.jpg 768w, https:\/\/archive.sana.sy\/es\/wp-content\/uploads\/2022\/05\/DSC_3903-1536x991.jpg 1536w, https:\/\/archive.sana.sy\/es\/wp-content\/uploads\/2022\/05\/DSC_3903-2048x1321.jpg 2048w\" sizes=\"(max-width: 2560px) 100vw, 2560px\" \/><\/a>\n\t\t\t<\/div><\/figure><figure class='gallery-item'>\n\t\t\t<div class='gallery-icon landscape'>\n\t\t\t\t<a href='https:\/\/archive.sana.sy\/es\/?attachment_id=232257'><img loading=\"lazy\" decoding=\"async\" width=\"2560\" height=\"1791\" src=\"https:\/\/archive.sana.sy\/es\/wp-content\/uploads\/2022\/05\/DSC_3914-scaled.jpg\" class=\"attachment-full size-full\" alt=\"\" srcset=\"https:\/\/archive.sana.sy\/es\/wp-content\/uploads\/2022\/05\/DSC_3914-scaled.jpg 2560w, https:\/\/archive.sana.sy\/es\/wp-content\/uploads\/2022\/05\/DSC_3914-300x210.jpg 300w, https:\/\/archive.sana.sy\/es\/wp-content\/uploads\/2022\/05\/DSC_3914-1024x716.jpg 1024w, https:\/\/archive.sana.sy\/es\/wp-content\/uploads\/2022\/05\/DSC_3914-150x105.jpg 150w, https:\/\/archive.sana.sy\/es\/wp-content\/uploads\/2022\/05\/DSC_3914-768x537.jpg 768w, https:\/\/archive.sana.sy\/es\/wp-content\/uploads\/2022\/05\/DSC_3914-1536x1075.jpg 1536w, https:\/\/archive.sana.sy\/es\/wp-content\/uploads\/2022\/05\/DSC_3914-2048x1433.jpg 2048w\" sizes=\"(max-width: 2560px) 100vw, 2560px\" \/><\/a>\n\t\t\t<\/div><\/figure><figure class='gallery-item'>\n\t\t\t<div class='gallery-icon landscape'>\n\t\t\t\t<a href='https:\/\/archive.sana.sy\/es\/?attachment_id=232260'><img loading=\"lazy\" decoding=\"async\" width=\"2560\" height=\"1483\" src=\"https:\/\/archive.sana.sy\/es\/wp-content\/uploads\/2022\/05\/3-9-scaled.jpg\" class=\"attachment-full size-full\" alt=\"\" srcset=\"https:\/\/archive.sana.sy\/es\/wp-content\/uploads\/2022\/05\/3-9-scaled.jpg 2560w, https:\/\/archive.sana.sy\/es\/wp-content\/uploads\/2022\/05\/3-9-300x174.jpg 300w, https:\/\/archive.sana.sy\/es\/wp-content\/uploads\/2022\/05\/3-9-1024x593.jpg 1024w, https:\/\/archive.sana.sy\/es\/wp-content\/uploads\/2022\/05\/3-9-150x87.jpg 150w, https:\/\/archive.sana.sy\/es\/wp-content\/uploads\/2022\/05\/3-9-768x445.jpg 768w, https:\/\/archive.sana.sy\/es\/wp-content\/uploads\/2022\/05\/3-9-1536x890.jpg 1536w, https:\/\/archive.sana.sy\/es\/wp-content\/uploads\/2022\/05\/3-9-2048x1187.jpg 2048w\" sizes=\"(max-width: 2560px) 100vw, 2560px\" \/><\/a>\n\t\t\t<\/div><\/figure><figure class='gallery-item'>\n\t\t\t<div class='gallery-icon landscape'>\n\t\t\t\t<a href='https:\/\/archive.sana.sy\/es\/?attachment_id=232261'><img loading=\"lazy\" decoding=\"async\" width=\"2560\" height=\"1620\" src=\"https:\/\/archive.sana.sy\/es\/wp-content\/uploads\/2022\/05\/3-28-scaled.jpg\" class=\"attachment-full size-full\" alt=\"\" srcset=\"https:\/\/archive.sana.sy\/es\/wp-content\/uploads\/2022\/05\/3-28-scaled.jpg 2560w, https:\/\/archive.sana.sy\/es\/wp-content\/uploads\/2022\/05\/3-28-300x190.jpg 300w, https:\/\/archive.sana.sy\/es\/wp-content\/uploads\/2022\/05\/3-28-1024x648.jpg 1024w, https:\/\/archive.sana.sy\/es\/wp-content\/uploads\/2022\/05\/3-28-150x95.jpg 150w, https:\/\/archive.sana.sy\/es\/wp-content\/uploads\/2022\/05\/3-28-768x486.jpg 768w, https:\/\/archive.sana.sy\/es\/wp-content\/uploads\/2022\/05\/3-28-1536x972.jpg 1536w, https:\/\/archive.sana.sy\/es\/wp-content\/uploads\/2022\/05\/3-28-2048x1296.jpg 2048w\" sizes=\"(max-width: 2560px) 100vw, 2560px\" \/><\/a>\n\t\t\t<\/div><\/figure>\n\t\t<\/div>\n\n","protected":false},"excerpt":{"rendered":"<p>Provincias, 06 may (SANA)\u00a0 Con motivo del D\u00eda de los M\u00e1rtires, personalidades oficiales y populares visitaron hoy algunos cementerios de m\u00e1rtires en varias provincias sirias, y colocaron ofrendas florales en sus tumbas. \u201cEl D\u00eda de los M\u00e1rtires es la ocasi\u00f3n m\u00e1s sagrada para conmemorar a aquellos que dieron sus posesiones m\u00e1s preciadas por el bien &hellip;<\/p>\n","protected":false},"author":39,"featured_media":232264,"comment_status":"closed","ping_status":"closed","sticky":false,"template":"","format":"standard","meta":{"footnotes":""},"categories":[477,447,597,476,583],"tags":[],"class_list":["post-232249","post","type-post","status-publish","format-standard","has-post-thumbnail","","category-noticias-edulcorantes","category-local-politica","category-cinta-de-noticias","category-locales","category-slide"],"_links":{"self":[{"href":"https:\/\/archive.sana.sy\/es\/index.php?rest_route=\/wp\/v2\/posts\/232249"}],"collection":[{"href":"https:\/\/archive.sana.sy\/es\/index.php?rest_route=\/wp\/v2\/posts"}],"about":[{"href":"https:\/\/archive.sana.sy\/es\/index.php?rest_route=\/wp\/v2\/types\/post"}],"author":[{"embeddable":true,"href":"https:\/\/archive.sana.sy\/es\/index.php?rest_route=\/wp\/v2\/users\/39"}],"replies":[{"embeddable":true,"href":"https:\/\/archive.sana.sy\/es\/index.php?rest_route=%2Fwp%2Fv2%2Fcomments&post=232249"}],"version-history":[{"count":0,"href":"https:\/\/archive.sana.sy\/es\/index.php?rest_route=\/wp\/v2\/posts\/232249\/revisions"}],"wp:featuredmedia":[{"embeddable":true,"href":"https:\/\/archive.sana.sy\/es\/index.php?rest_route=\/wp\/v2\/media\/232264"}],"wp:attachment":[{"href":"https:\/\/archive.sana.sy\/es\/index.php?rest_route=%2Fwp%2Fv2%2Fmedia&parent=232249"}],"wp:term":[{"taxonomy":"category","embeddable":true,"href":"https:\/\/archive.sana.sy\/es\/index.php?rest_route=%2Fwp%2Fv2%2Fcategories&post=232249"},{"taxonomy":"post_tag","embeddable":true,"href":"https:\/\/archive.sana.sy\/es\/index.php?rest_route=%2Fwp%2Fv2%2Ftags&post=232249"}],"curies":[{"name":"wp","href":"https:\/\/api.w.org\/{rel}","templated":true}]}}