{"id":232298,"date":"2022-05-06T21:41:12","date_gmt":"2022-05-06T18:41:12","guid":{"rendered":"http:\/\/107.6.182.27\/es\/?p=232298"},"modified":"2023-01-10T16:19:09","modified_gmt":"2023-01-10T14:19:09","slug":"china-dice-que-la-otan-debe-abandonar-la-mentalidad-de-la-guerra-y-dejar-de-socavar-la-paz-mundial","status":"publish","type":"post","link":"https:\/\/archive.sana.sy\/es\/?p=232298","title":{"rendered":"China dice que la OTAN debe abandonar la mentalidad de la guerra y dejar de socavar la paz mundial"},"content":{"rendered":"<blockquote>\n<p style=\"text-align: justify;\"><strong>Zhao pidi\u00f3 a &#8220;la OTAN que haga los ajustes necesarios, abandone la mentalidad de la Guerra Fr\u00eda y deje de provocar confrontaciones y crear tensiones en Europa, Asia y el Pac\u00edfico y el mundo&#8221;.<\/strong><\/p>\n<\/blockquote>\n<p style=\"text-align: justify;\"><span style=\"color: #800000;\"><strong>Pek\u00edn, 6 may (SANA)<\/strong> <\/span>China reiter\u00f3 su demanda de que la OTAN deje de socavar la paz mundial y abandone su mentalidad de Guerra Fr\u00eda.<\/p>\n<p style=\"text-align: justify;\">La agencia de noticias Xinhua cit\u00f3 al portavoz del Ministerio de Relaciones Exteriores de China, Zhao Lijian, diciendo hoy en su conferencia de prensa que \u201cde hecho, la OTAN ha violado repetidamente el derecho internacional y ha lanzado guerras arbitrarias contra pa\u00edses soberanos, socavando la paz mundial y regional, y matando y desplazando a un gran n\u00famero de civiles inocentes\u201d.<\/p>\n<p style=\"text-align: justify;\">Destac\u00f3 que la OTAN busca la \u201cseguridad absoluta\u201d y particip\u00f3 en cinco oleadas sucesivas de expansi\u00f3n hacia el este despu\u00e9s de la Guerra Fr\u00eda, lo que no hizo que Europa fuera m\u00e1s segura, sino que sembr\u00f3 las semillas del conflicto entre Rusia y Ucrania, y reaviv\u00f3 la guerra en el continente europeo&#8221;. .&#8221;<\/p>\n<p style=\"text-align: justify;\">Zhao pidi\u00f3 a la OTAN &#8220;que haga los ajustes necesarios, abandone la mentalidad de la Guerra Fr\u00eda y deje de provocar confrontaciones y crear tensiones en Europa, Asia y el Pac\u00edfico y el mundo&#8221;.<\/p>\n<p style=\"text-align: justify;\">fm\/rr<\/p>\n","protected":false},"excerpt":{"rendered":"<p>Zhao pidi\u00f3 a &#8220;la OTAN que haga los ajustes necesarios, abandone la mentalidad de la Guerra Fr\u00eda y deje de provocar confrontaciones y crear tensiones en Europa, Asia y el Pac\u00edfico y el mundo&#8221;. Pek\u00edn, 6 may (SANA) China reiter\u00f3 su demanda de que la OTAN deje de socavar la paz mundial y abandone su &hellip;<\/p>\n","protected":false},"author":31,"featured_media":232303,"comment_status":"closed","ping_status":"closed","sticky":false,"template":"","format":"standard","meta":{"footnotes":""},"categories":[597,456],"tags":[],"class_list":["post-232298","post","type-post","status-publish","format-standard","has-post-thumbnail","","category-cinta-de-noticias","category-arabe-internacional-politica"],"_links":{"self":[{"href":"https:\/\/archive.sana.sy\/es\/index.php?rest_route=\/wp\/v2\/posts\/232298"}],"collection":[{"href":"https:\/\/archive.sana.sy\/es\/index.php?rest_route=\/wp\/v2\/posts"}],"about":[{"href":"https:\/\/archive.sana.sy\/es\/index.php?rest_route=\/wp\/v2\/types\/post"}],"author":[{"embeddable":true,"href":"https:\/\/archive.sana.sy\/es\/index.php?rest_route=\/wp\/v2\/users\/31"}],"replies":[{"embeddable":true,"href":"https:\/\/archive.sana.sy\/es\/index.php?rest_route=%2Fwp%2Fv2%2Fcomments&post=232298"}],"version-history":[{"count":0,"href":"https:\/\/archive.sana.sy\/es\/index.php?rest_route=\/wp\/v2\/posts\/232298\/revisions"}],"wp:featuredmedia":[{"embeddable":true,"href":"https:\/\/archive.sana.sy\/es\/index.php?rest_route=\/wp\/v2\/media\/232303"}],"wp:attachment":[{"href":"https:\/\/archive.sana.sy\/es\/index.php?rest_route=%2Fwp%2Fv2%2Fmedia&parent=232298"}],"wp:term":[{"taxonomy":"category","embeddable":true,"href":"https:\/\/archive.sana.sy\/es\/index.php?rest_route=%2Fwp%2Fv2%2Fcategories&post=232298"},{"taxonomy":"post_tag","embeddable":true,"href":"https:\/\/archive.sana.sy\/es\/index.php?rest_route=%2Fwp%2Fv2%2Ftags&post=232298"}],"curies":[{"name":"wp","href":"https:\/\/api.w.org\/{rel}","templated":true}]}}