{"id":232307,"date":"2022-05-06T21:59:08","date_gmt":"2022-05-06T18:59:08","guid":{"rendered":"http:\/\/107.6.182.27\/es\/?p=232307"},"modified":"2023-01-10T14:03:54","modified_gmt":"2023-01-10T12:03:54","slug":"los-golaneses-rinden-homenaje-a-los-caidos-con-motivo-del-dia-de-los-martires","status":"publish","type":"post","link":"https:\/\/archive.sana.sy\/es\/?p=232307","title":{"rendered":"Los golaneses rinden homenaje a los ca\u00eddos con motivo del D\u00eda de los M\u00e1rtires"},"content":{"rendered":"<p style=\"text-align: justify;\"><span style=\"color: #800000;\"><strong>El Gol\u00e1n sirio ocupado, 6 may (SANA)<\/strong> \u00a0<\/span>Los residentes en el Gol\u00e1n sirio ocupado manifestaron su determinaci\u00f3n de seguir los pasos de los padres y abuelos que izaron y mantuvieron la bandera nacional en alto.<\/p>\n<p style=\"text-align: justify;\">En dos actos celebrados en las plazas de las localidades de Beqaatha y Majdal Shams con motivo del D\u00eda de los M\u00e1rtires, los golaneses colocaron ofrendas florales en el memorial de los m\u00e1rtires e izaron banderas nacionales y pancartas que glorifican los m\u00e1rtires.<\/p>\n<p style=\"text-align: justify;\">Somos fieles a la sangre de las m\u00e1rtires y seguiremos confrontando y resistiendo la ocupaci\u00f3n en todas sus formas, manifestaron.<\/p>\n<p style=\"text-align: justify;\">Algunos discursos pronunciados subrayaron que los sacrificios de los m\u00e1rtires del Ej\u00e9rcito \u00c1rabe Sirio lograron la victoria de Siria y reconfiguraron un nuevo mapa para la regi\u00f3n al enfrentar la conspiraci\u00f3n y la guerra terrorista.<\/p>\n<p style=\"text-align: justify;\">fm\/sm<\/p>\n","protected":false},"excerpt":{"rendered":"<p>El Gol\u00e1n sirio ocupado, 6 may (SANA) \u00a0Los residentes en el Gol\u00e1n sirio ocupado manifestaron su determinaci\u00f3n de seguir los pasos de los padres y abuelos que izaron y mantuvieron la bandera nacional en alto. En dos actos celebrados en las plazas de las localidades de Beqaatha y Majdal Shams con motivo del D\u00eda de &hellip;<\/p>\n","protected":false},"author":39,"featured_media":232310,"comment_status":"closed","ping_status":"closed","sticky":false,"template":"","format":"standard","meta":{"footnotes":""},"categories":[447,477,597,476,7541],"tags":[],"class_list":["post-232307","post","type-post","status-publish","format-standard","has-post-thumbnail","","category-local-politica","category-noticias-edulcorantes","category-cinta-de-noticias","category-locales","category-ultimas-noticias"],"_links":{"self":[{"href":"https:\/\/archive.sana.sy\/es\/index.php?rest_route=\/wp\/v2\/posts\/232307"}],"collection":[{"href":"https:\/\/archive.sana.sy\/es\/index.php?rest_route=\/wp\/v2\/posts"}],"about":[{"href":"https:\/\/archive.sana.sy\/es\/index.php?rest_route=\/wp\/v2\/types\/post"}],"author":[{"embeddable":true,"href":"https:\/\/archive.sana.sy\/es\/index.php?rest_route=\/wp\/v2\/users\/39"}],"replies":[{"embeddable":true,"href":"https:\/\/archive.sana.sy\/es\/index.php?rest_route=%2Fwp%2Fv2%2Fcomments&post=232307"}],"version-history":[{"count":0,"href":"https:\/\/archive.sana.sy\/es\/index.php?rest_route=\/wp\/v2\/posts\/232307\/revisions"}],"wp:featuredmedia":[{"embeddable":true,"href":"https:\/\/archive.sana.sy\/es\/index.php?rest_route=\/wp\/v2\/media\/232310"}],"wp:attachment":[{"href":"https:\/\/archive.sana.sy\/es\/index.php?rest_route=%2Fwp%2Fv2%2Fmedia&parent=232307"}],"wp:term":[{"taxonomy":"category","embeddable":true,"href":"https:\/\/archive.sana.sy\/es\/index.php?rest_route=%2Fwp%2Fv2%2Fcategories&post=232307"},{"taxonomy":"post_tag","embeddable":true,"href":"https:\/\/archive.sana.sy\/es\/index.php?rest_route=%2Fwp%2Fv2%2Ftags&post=232307"}],"curies":[{"name":"wp","href":"https:\/\/api.w.org\/{rel}","templated":true}]}}