{"id":232338,"date":"2022-05-07T08:14:57","date_gmt":"2022-05-07T05:14:57","guid":{"rendered":"http:\/\/107.6.182.27\/es\/?p=232338"},"modified":"2023-01-10T16:19:08","modified_gmt":"2023-01-10T14:19:08","slug":"las-fuerzas-rusas-arrestan-a-un-sospechoso-que-planeo-acto-terrorista-en-jerson","status":"publish","type":"post","link":"https:\/\/archive.sana.sy\/es\/?p=232338","title":{"rendered":"Las fuerzas rusas arrestan a un sospechoso que plane\u00f3 acto terrorista en Jers\u00f3n"},"content":{"rendered":"<blockquote>\n<p style=\"text-align: justify;\">&#8220;El hombre planeaba llevar a cabo un acto terrorista durante los eventos festivos por el D\u00eda de la Victoria sobre el nazismo, el 9 de mayo&#8221;, inform\u00f3 la agencia de noticias RIA Novosti citando al Comit\u00e9 de Investigaci\u00f3n de Rusia.<\/p>\n<\/blockquote>\n<p style=\"text-align: justify;\"><span style=\"color: #800000;\"><strong>Mosc\u00fa, 7 may (SANA)\u00a0<\/strong> <\/span>Las fuerzas rusas arrestaron a un hombre sospechoso de planear un acto terrorista en Jers\u00f3n.<\/p>\n<p style=\"text-align: justify;\">&#8220;El hombre planeaba llevar a cabo un acto terrorista durante los eventos festivos por el D\u00eda de la Victoria sobre el nazismo, el 9 de mayo&#8221;, inform\u00f3 la agencia de noticias RIA Novosti citando al Comit\u00e9 de Investigaci\u00f3n de Rusia.<\/p>\n<p style=\"text-align: justify;\">Se\u00f1al\u00f3 que &#8220;el arrestado confes\u00f3 su participaci\u00f3n en la preparaci\u00f3n de c\u00f3cteles molotov y que trabajaba \u201cbajo presi\u00f3n&#8221; de las fuerzas ucranianas.<\/p>\n<p style=\"text-align: justify;\">fm\/sm<\/p>\n","protected":false},"excerpt":{"rendered":"<p>&#8220;El hombre planeaba llevar a cabo un acto terrorista durante los eventos festivos por el D\u00eda de la Victoria sobre el nazismo, el 9 de mayo&#8221;, inform\u00f3 la agencia de noticias RIA Novosti citando al Comit\u00e9 de Investigaci\u00f3n de Rusia. Mosc\u00fa, 7 may (SANA)\u00a0 Las fuerzas rusas arrestaron a un hombre sospechoso de planear un &hellip;<\/p>\n","protected":false},"author":39,"featured_media":232339,"comment_status":"closed","ping_status":"closed","sticky":false,"template":"","format":"standard","meta":{"footnotes":""},"categories":[597,456],"tags":[],"class_list":["post-232338","post","type-post","status-publish","format-standard","has-post-thumbnail","","category-cinta-de-noticias","category-arabe-internacional-politica"],"_links":{"self":[{"href":"https:\/\/archive.sana.sy\/es\/index.php?rest_route=\/wp\/v2\/posts\/232338"}],"collection":[{"href":"https:\/\/archive.sana.sy\/es\/index.php?rest_route=\/wp\/v2\/posts"}],"about":[{"href":"https:\/\/archive.sana.sy\/es\/index.php?rest_route=\/wp\/v2\/types\/post"}],"author":[{"embeddable":true,"href":"https:\/\/archive.sana.sy\/es\/index.php?rest_route=\/wp\/v2\/users\/39"}],"replies":[{"embeddable":true,"href":"https:\/\/archive.sana.sy\/es\/index.php?rest_route=%2Fwp%2Fv2%2Fcomments&post=232338"}],"version-history":[{"count":0,"href":"https:\/\/archive.sana.sy\/es\/index.php?rest_route=\/wp\/v2\/posts\/232338\/revisions"}],"wp:featuredmedia":[{"embeddable":true,"href":"https:\/\/archive.sana.sy\/es\/index.php?rest_route=\/wp\/v2\/media\/232339"}],"wp:attachment":[{"href":"https:\/\/archive.sana.sy\/es\/index.php?rest_route=%2Fwp%2Fv2%2Fmedia&parent=232338"}],"wp:term":[{"taxonomy":"category","embeddable":true,"href":"https:\/\/archive.sana.sy\/es\/index.php?rest_route=%2Fwp%2Fv2%2Fcategories&post=232338"},{"taxonomy":"post_tag","embeddable":true,"href":"https:\/\/archive.sana.sy\/es\/index.php?rest_route=%2Fwp%2Fv2%2Ftags&post=232338"}],"curies":[{"name":"wp","href":"https:\/\/api.w.org\/{rel}","templated":true}]}}