{"id":232378,"date":"2022-05-07T14:43:16","date_gmt":"2022-05-07T11:43:16","guid":{"rendered":"http:\/\/107.6.182.27\/es\/?p=232378"},"modified":"2023-01-10T14:03:53","modified_gmt":"2023-01-10T12:03:53","slug":"tres-heridos-por-estallido-de-mina-remanente-de-terroristas-en-provincia-de-hama","status":"publish","type":"post","link":"https:\/\/archive.sana.sy\/es\/?p=232378","title":{"rendered":"Tres heridos por estallido de mina remanente de terroristas en provincia de Hama"},"content":{"rendered":"<p style=\"text-align: justify;\"><span style=\"color: #333333;\"><span style=\"color: #800000;\"><strong>Hama, 07 may (SANA)\u00a0<\/strong><\/span> Tres civiles resultaron heridos por la explosi\u00f3n de una mina remanente de los terroristas de \u201cDaesh\u201d en el campo oriental de Salamiya, provincia central de Hama.<\/span><\/p>\n<p style=\"text-align: justify;\">\u201cUna mina terrestre abandonada por terroristas del Daesh explot\u00f3 en la aldea de Akash en el campo oriental de Salamiyah, mientras varios ciudadanos estaban en el lugar, lo que caus\u00f3 la lesi\u00f3n de tres civiles, entre ellos una ni\u00f1a con heridas\u201d, inform\u00f3 una fuente policial de la provincia.<\/p>\n<p style=\"text-align: justify;\">El 14 del mes pasado, un ciudadano perdi\u00f3 la vida cuando una mina terrestre dejada por \u201cDaesh\u201d explot\u00f3 en un autom\u00f3vil civil en la aldea de Abu-Lafa en el campo nororiental de Salamiyah.<\/p>\n<p style=\"text-align: justify;\">sm<\/p>\n","protected":false},"excerpt":{"rendered":"<p>Hama, 07 may (SANA)\u00a0 Tres civiles resultaron heridos por la explosi\u00f3n de una mina remanente de los terroristas de \u201cDaesh\u201d en el campo oriental de Salamiya, provincia central de Hama. \u201cUna mina terrestre abandonada por terroristas del Daesh explot\u00f3 en la aldea de Akash en el campo oriental de Salamiyah, mientras varios ciudadanos estaban en &hellip;<\/p>\n","protected":false},"author":39,"featured_media":232379,"comment_status":"closed","ping_status":"closed","sticky":false,"template":"","format":"standard","meta":{"footnotes":""},"categories":[447,477,597,476,7541],"tags":[],"class_list":["post-232378","post","type-post","status-publish","format-standard","has-post-thumbnail","","category-local-politica","category-noticias-edulcorantes","category-cinta-de-noticias","category-locales","category-ultimas-noticias"],"_links":{"self":[{"href":"https:\/\/archive.sana.sy\/es\/index.php?rest_route=\/wp\/v2\/posts\/232378"}],"collection":[{"href":"https:\/\/archive.sana.sy\/es\/index.php?rest_route=\/wp\/v2\/posts"}],"about":[{"href":"https:\/\/archive.sana.sy\/es\/index.php?rest_route=\/wp\/v2\/types\/post"}],"author":[{"embeddable":true,"href":"https:\/\/archive.sana.sy\/es\/index.php?rest_route=\/wp\/v2\/users\/39"}],"replies":[{"embeddable":true,"href":"https:\/\/archive.sana.sy\/es\/index.php?rest_route=%2Fwp%2Fv2%2Fcomments&post=232378"}],"version-history":[{"count":0,"href":"https:\/\/archive.sana.sy\/es\/index.php?rest_route=\/wp\/v2\/posts\/232378\/revisions"}],"wp:featuredmedia":[{"embeddable":true,"href":"https:\/\/archive.sana.sy\/es\/index.php?rest_route=\/wp\/v2\/media\/232379"}],"wp:attachment":[{"href":"https:\/\/archive.sana.sy\/es\/index.php?rest_route=%2Fwp%2Fv2%2Fmedia&parent=232378"}],"wp:term":[{"taxonomy":"category","embeddable":true,"href":"https:\/\/archive.sana.sy\/es\/index.php?rest_route=%2Fwp%2Fv2%2Fcategories&post=232378"},{"taxonomy":"post_tag","embeddable":true,"href":"https:\/\/archive.sana.sy\/es\/index.php?rest_route=%2Fwp%2Fv2%2Ftags&post=232378"}],"curies":[{"name":"wp","href":"https:\/\/api.w.org\/{rel}","templated":true}]}}