{"id":23239,"date":"2015-05-14T19:49:13","date_gmt":"2015-05-14T16:49:13","guid":{"rendered":"http:\/\/sana.sy\/es\/?p=23239"},"modified":"2015-05-16T12:54:43","modified_gmt":"2015-05-16T09:54:43","slug":"al-moallem-el-ejercito-sirio-una-voluntad-firme-para-derrotar-al-terrorismo","status":"publish","type":"post","link":"https:\/\/archive.sana.sy\/es\/?p=23239","title":{"rendered":"Al-Moallem: el ej\u00e9rcito sirio una voluntad firme para derrotar al terrorismo"},"content":{"rendered":"<p><span style=\"color: #800000\">Damasco, SANA<\/span><\/p>\n<p>El ministro de Exteriores, Walid al-Moallem, se reuni\u00f3 esta ma\u00f1ana con Alaeddin Boroujerdi, presidente de la Comisi\u00f3n de Seguridad Nacional y Pol\u00edtica Exterior en el Consejo de la Shura iran\u00ed y con la delegaci\u00f3n que lo acompa\u00f1a.<\/p>\n<p>Durante la reuni\u00f3n se abord\u00f3 la evoluci\u00f3n de los acontecimientos en Siria y la regi\u00f3n, y la escalada de las amenazas terroristas, lo cual pondr\u00eda en peligro la estabilidad y difunde el caos en la regi\u00f3n.<\/p>\n<p>Tambi\u00e9n, se trat\u00f3 el tema de las campa\u00f1as medi\u00e1ticas con el fin de perturbar las victorias del ej\u00e9rcito sirio.<\/p>\n<p>El canciller al-Moallem explic\u00f3 los detalles de lo que est\u00e1 enfrentando \u00a0Siria, destacando que el ej\u00e9rcito y el pueblo han mostrado una s\u00f3lida voluntad para derrotar al terrorismo y sus partidarios, y para seguir luchando contra la amenaza del terrorismo y de los terroristas.<\/p>\n<p>El jefe de la diplomacia siria manifest\u00f3 la gratitud por el apoyo firme de la Rep\u00fablica Isl\u00e1mica de Ir\u00e1n.<\/p>\n<p>Por su parte, Boroujerdi dijo que la relaci\u00f3n fraternal entre los dos pa\u00edses es fuerte y nunca ser\u00e1 afectada por los intentos de los enemigos y sus complots.<\/p>\n<p>&nbsp;<\/p>\n<p>Fady M., Hala B.<\/p>\n","protected":false},"excerpt":{"rendered":"<p>Damasco, SANA El ministro de Exteriores, Walid al-Moallem, se reuni\u00f3 esta ma\u00f1ana con Alaeddin Boroujerdi, presidente de la Comisi\u00f3n de Seguridad Nacional y Pol\u00edtica Exterior en el Consejo de la Shura iran\u00ed y con la delegaci\u00f3n que lo acompa\u00f1a. Durante la reuni\u00f3n se abord\u00f3 la evoluci\u00f3n de los acontecimientos en Siria y la regi\u00f3n, y &hellip;<\/p>\n","protected":false},"author":1,"featured_media":23240,"comment_status":"closed","ping_status":"closed","sticky":false,"template":"","format":"standard","meta":{"footnotes":""},"categories":[476,457],"tags":[5254],"class_list":["post-23239","post","type-post","status-publish","format-standard","has-post-thumbnail","","category-locales","category-noticias-arabe-internacional-politica","tag-al-moallem-el-ejercito-sirio-una-voluntad-firme-para-derrotar-al-terrorismo"],"_links":{"self":[{"href":"https:\/\/archive.sana.sy\/es\/index.php?rest_route=\/wp\/v2\/posts\/23239"}],"collection":[{"href":"https:\/\/archive.sana.sy\/es\/index.php?rest_route=\/wp\/v2\/posts"}],"about":[{"href":"https:\/\/archive.sana.sy\/es\/index.php?rest_route=\/wp\/v2\/types\/post"}],"author":[{"embeddable":true,"href":"https:\/\/archive.sana.sy\/es\/index.php?rest_route=\/wp\/v2\/users\/1"}],"replies":[{"embeddable":true,"href":"https:\/\/archive.sana.sy\/es\/index.php?rest_route=%2Fwp%2Fv2%2Fcomments&post=23239"}],"version-history":[{"count":0,"href":"https:\/\/archive.sana.sy\/es\/index.php?rest_route=\/wp\/v2\/posts\/23239\/revisions"}],"wp:featuredmedia":[{"embeddable":true,"href":"https:\/\/archive.sana.sy\/es\/index.php?rest_route=\/wp\/v2\/media\/23240"}],"wp:attachment":[{"href":"https:\/\/archive.sana.sy\/es\/index.php?rest_route=%2Fwp%2Fv2%2Fmedia&parent=23239"}],"wp:term":[{"taxonomy":"category","embeddable":true,"href":"https:\/\/archive.sana.sy\/es\/index.php?rest_route=%2Fwp%2Fv2%2Fcategories&post=23239"},{"taxonomy":"post_tag","embeddable":true,"href":"https:\/\/archive.sana.sy\/es\/index.php?rest_route=%2Fwp%2Fv2%2Ftags&post=23239"}],"curies":[{"name":"wp","href":"https:\/\/api.w.org\/{rel}","templated":true}]}}