{"id":232407,"date":"2022-05-07T19:45:47","date_gmt":"2022-05-07T16:45:47","guid":{"rendered":"http:\/\/107.6.182.27\/es\/?p=232407"},"modified":"2023-01-10T15:12:57","modified_gmt":"2023-01-10T13:12:57","slug":"siria-organiza-conferencia-sobre-energia-renovable-y-electricidad","status":"publish","type":"post","link":"https:\/\/archive.sana.sy\/es\/?p=232407","title":{"rendered":"Siria organiza Conferencia sobre Energ\u00eda Renovable y Electricidad"},"content":{"rendered":"<blockquote>\n<p style=\"text-align: justify;\"><strong>Siria cuenta con ventajas que incentivan la inversi\u00f3n en energ\u00edas alternativas como tener 300 d\u00edas de sol al a\u00f1o para la generaci\u00f3n de energ\u00eda fotovoltaica, adem\u00e1s de la presencia de buena velocidad de viento en las gobernaciones de Deraa, Sweida, Quneitra, Homs y Deir Ezzor\u201d<\/strong><\/p>\n<\/blockquote>\n<p>&nbsp;<\/p>\n<p style=\"text-align: justify;\"><span style=\"color: #800000;\"><strong>Damasco, 07 may (SANA)<\/strong><\/span>\u00a0 \u00a0La primera Conferencia de Inversi\u00f3n en Energ\u00eda Renovable y Electricidad que se celebrar\u00e1 la pr\u00f3xima semana constituye una oportunidad para intercambiar experiencias y alentar los inversionistas a establecer proyectos en este campo, declar\u00f3 el ministro de Electricidad, Ghassan Al-Zamel.<\/p>\n<p style=\"text-align: justify;\">En declaraciones a SANA, el titular del ramo asegur\u00f3 que el evento se llevar\u00e1 a cabo en el hotel \u201cYasmin City\u201d en Damasco los d\u00edas 15 y 16 de este mes, y discutir\u00e1 el futuro de la energ\u00eda el\u00e9ctrica, las oportunidades de inversi\u00f3n, los mecanismos de financiamiento, y las experiencias de los otros pa\u00edses en desarrollar este sector.<\/p>\n<p style=\"text-align: justify;\"><img loading=\"lazy\" decoding=\"async\" class=\" wp-image-232408 alignleft\" src=\"http:\/\/107.6.182.27\/es\/wp-content\/uploads\/2022\/05\/\u0631\u0626\u064a\u0633\u064a-660x330-1-300x150.jpg\" alt=\"\" width=\"396\" height=\"198\" srcset=\"https:\/\/archive.sana.sy\/es\/wp-content\/uploads\/2022\/05\/\u0631\u0626\u064a\u0633\u064a-660x330-1-300x150.jpg 300w, https:\/\/archive.sana.sy\/es\/wp-content\/uploads\/2022\/05\/\u0631\u0626\u064a\u0633\u064a-660x330-1-150x75.jpg 150w, https:\/\/archive.sana.sy\/es\/wp-content\/uploads\/2022\/05\/\u0631\u0626\u064a\u0633\u064a-660x330-1.jpg 660w\" sizes=\"(max-width: 396px) 100vw, 396px\" \/>Se\u00f1al\u00f3 que la conferencia contar\u00e1 con la participaci\u00f3n de especialistas de los ministerios de Electricidad, Finanzas, Econom\u00eda y Comercio Exterior, adem\u00e1s de representantes de la Autoridad de Planificaci\u00f3n y Cooperaci\u00f3n Internacional Autoridad, la Autoridad \u00c1rabe de Energ\u00eda Renovable y la Comisi\u00f3n Econ\u00f3mica y Social de las Naciones Unidas para Asia Occidental.<\/p>\n<p style=\"text-align: justify;\">Al-Zamel indic\u00f3 que se invitar\u00e1n inversionistas de pa\u00edses amigos para participar en la Conferencia y beneficiarse de su experiencia en este campo.<\/p>\n<p style=\"text-align: justify;\">\u201cSiria cuenta con ventajas que incentivan la inversi\u00f3n en energ\u00edas alternativas como tener 300 d\u00edas de sol al a\u00f1o para la generaci\u00f3n de energ\u00eda fotovoltaica, adem\u00e1s de la presencia de buena velocidad de viento en las gobernaciones de Deraa, Sweida, Quneitra, Homs y Deir Ezzor\u201d, explic\u00f3.<\/p>\n<p style=\"text-align: justify;\">rr\/fm<\/p>\n<div id='gallery-1' class='gallery galleryid-232407 gallery-columns-1 gallery-size-full'><figure class='gallery-item'>\n\t\t\t<div class='gallery-icon landscape'>\n\t\t\t\t<a href='https:\/\/archive.sana.sy\/es\/wp-content\/uploads\/2022\/05\/MHM_1303.jpg'><img loading=\"lazy\" decoding=\"async\" width=\"660\" height=\"418\" src=\"https:\/\/archive.sana.sy\/es\/wp-content\/uploads\/2022\/05\/MHM_1303.jpg\" class=\"attachment-full size-full\" alt=\"\" srcset=\"https:\/\/archive.sana.sy\/es\/wp-content\/uploads\/2022\/05\/MHM_1303.jpg 660w, https:\/\/archive.sana.sy\/es\/wp-content\/uploads\/2022\/05\/MHM_1303-300x190.jpg 300w, https:\/\/archive.sana.sy\/es\/wp-content\/uploads\/2022\/05\/MHM_1303-150x95.jpg 150w\" sizes=\"(max-width: 660px) 100vw, 660px\" \/><\/a>\n\t\t\t<\/div><\/figure>\n\t\t<\/div>\n\n","protected":false},"excerpt":{"rendered":"<p>Siria cuenta con ventajas que incentivan la inversi\u00f3n en energ\u00edas alternativas como tener 300 d\u00edas de sol al a\u00f1o para la generaci\u00f3n de energ\u00eda fotovoltaica, adem\u00e1s de la presencia de buena velocidad de viento en las gobernaciones de Deraa, Sweida, Quneitra, Homs y Deir Ezzor\u201d &nbsp; Damasco, 07 may (SANA)\u00a0 \u00a0La primera Conferencia de Inversi\u00f3n &hellip;<\/p>\n","protected":false},"author":31,"featured_media":232414,"comment_status":"closed","ping_status":"closed","sticky":false,"template":"","format":"standard","meta":{"footnotes":""},"categories":[597,16686,485,476,7541],"tags":[],"class_list":["post-232407","post","type-post","status-publish","format-standard","has-post-thumbnail","","category-cinta-de-noticias","category-economia","category-informes-negocios-y-finanzas","category-locales","category-ultimas-noticias"],"_links":{"self":[{"href":"https:\/\/archive.sana.sy\/es\/index.php?rest_route=\/wp\/v2\/posts\/232407"}],"collection":[{"href":"https:\/\/archive.sana.sy\/es\/index.php?rest_route=\/wp\/v2\/posts"}],"about":[{"href":"https:\/\/archive.sana.sy\/es\/index.php?rest_route=\/wp\/v2\/types\/post"}],"author":[{"embeddable":true,"href":"https:\/\/archive.sana.sy\/es\/index.php?rest_route=\/wp\/v2\/users\/31"}],"replies":[{"embeddable":true,"href":"https:\/\/archive.sana.sy\/es\/index.php?rest_route=%2Fwp%2Fv2%2Fcomments&post=232407"}],"version-history":[{"count":0,"href":"https:\/\/archive.sana.sy\/es\/index.php?rest_route=\/wp\/v2\/posts\/232407\/revisions"}],"wp:featuredmedia":[{"embeddable":true,"href":"https:\/\/archive.sana.sy\/es\/index.php?rest_route=\/wp\/v2\/media\/232414"}],"wp:attachment":[{"href":"https:\/\/archive.sana.sy\/es\/index.php?rest_route=%2Fwp%2Fv2%2Fmedia&parent=232407"}],"wp:term":[{"taxonomy":"category","embeddable":true,"href":"https:\/\/archive.sana.sy\/es\/index.php?rest_route=%2Fwp%2Fv2%2Fcategories&post=232407"},{"taxonomy":"post_tag","embeddable":true,"href":"https:\/\/archive.sana.sy\/es\/index.php?rest_route=%2Fwp%2Fv2%2Ftags&post=232407"}],"curies":[{"name":"wp","href":"https:\/\/api.w.org\/{rel}","templated":true}]}}