{"id":232415,"date":"2022-05-07T20:01:40","date_gmt":"2022-05-07T17:01:40","guid":{"rendered":"http:\/\/107.6.182.27\/es\/?p=232415"},"modified":"2022-05-07T20:01:40","modified_gmt":"2022-05-07T17:01:40","slug":"disminuyen-horas-de-electricidad-en-hasakeh-debido-al-robo-turco-al-agua-del-rio-eufrates","status":"publish","type":"post","link":"https:\/\/archive.sana.sy\/es\/?p=232415","title":{"rendered":"Disminuyen horas de electricidad en Hasakeh debido al robo turco al agua del r\u00edo \u00c9ufrates"},"content":{"rendered":"<blockquote>\n<p style=\"text-align: justify;\"><strong>La electricidad proveniente de la represa al-Tabaqa, campo de Raqa, disminuy\u00f3 recientemente de 50-60 a 25-30 megavatios\/hora, provocando as\u00ed cortes de luz que llegan a 22 horas por d\u00eda en varias zonas de la provincia de Hasakeh.<\/strong><\/p>\n<\/blockquote>\n<p style=\"text-align: justify;\">\n<span style=\"color: #800000;\"><strong>Hasakeh, 07 may (SANA)\u00a0 \u00a0<\/strong><\/span>Los habitantes de la provincia de Hasakeh sufren recientemente largos cortes de electricidad a consecuencia de las agresiones del r\u00e9gimen turco a la raci\u00f3n de Siria del agua del r\u00edo \u00c9ufrates.<\/p>\n<p style=\"text-align: justify;\">El gerente de la Empresa de Electricidad, Anwar Ekleh, comunic\u00f3 al corresponsal de SANA que la electricidad proveniente de la represa al-Tabaqa, campo de Raqa, disminuy\u00f3 recientemente de 50-60 a 25-30 megavatios\/hora, provocando as\u00ed cortes de luz que llegan a 22 horas por d\u00eda en varias zonas de la provincia de Hasakeh.<\/p>\n<p style=\"text-align: justify;\">\u201cEl saqueo del agua del r\u00edo \u00c9ufrates por parte de los turcos caus\u00f3 una significativa ca\u00edda en el almacenamiento de agua en la presa y, a consecuencia, una disminuci\u00f3n en las horas de funcionamiento de las centrales el\u00e9ctricas&#8221;, detall\u00f3.<\/p>\n<p style=\"text-align: justify;\">El r\u00e9gimen turco sigue robando las aguas del r\u00edo \u00c9ufrates al apoderarse de la mayor parte de agua que se supone que pase dentro del territorio sirio, lo que conduce a la parada de las turbinas de generaci\u00f3n de electricidad en la presa del \u00c9ufrates y el descenso del nivel del agua, amenazando as\u00ed con una cat\u00e1strofe medioambiental y humanitaria.<\/p>\n<p style=\"text-align: justify;\">rr\/fm<\/p>\n","protected":false},"excerpt":{"rendered":"<p>La electricidad proveniente de la represa al-Tabaqa, campo de Raqa, disminuy\u00f3 recientemente de 50-60 a 25-30 megavatios\/hora, provocando as\u00ed cortes de luz que llegan a 22 horas por d\u00eda en varias zonas de la provincia de Hasakeh. Hasakeh, 07 may (SANA)\u00a0 \u00a0Los habitantes de la provincia de Hasakeh sufren recientemente largos cortes de electricidad a &hellip;<\/p>\n","protected":false},"author":31,"featured_media":232416,"comment_status":"closed","ping_status":"closed","sticky":false,"template":"","format":"standard","meta":{"footnotes":""},"categories":[597,573,476,7541],"tags":[],"class_list":["post-232415","post","type-post","status-publish","format-standard","has-post-thumbnail","","category-cinta-de-noticias","category-la-realidad-de-los-acontecimientos-en-siria","category-locales","category-ultimas-noticias"],"_links":{"self":[{"href":"https:\/\/archive.sana.sy\/es\/index.php?rest_route=\/wp\/v2\/posts\/232415"}],"collection":[{"href":"https:\/\/archive.sana.sy\/es\/index.php?rest_route=\/wp\/v2\/posts"}],"about":[{"href":"https:\/\/archive.sana.sy\/es\/index.php?rest_route=\/wp\/v2\/types\/post"}],"author":[{"embeddable":true,"href":"https:\/\/archive.sana.sy\/es\/index.php?rest_route=\/wp\/v2\/users\/31"}],"replies":[{"embeddable":true,"href":"https:\/\/archive.sana.sy\/es\/index.php?rest_route=%2Fwp%2Fv2%2Fcomments&post=232415"}],"version-history":[{"count":0,"href":"https:\/\/archive.sana.sy\/es\/index.php?rest_route=\/wp\/v2\/posts\/232415\/revisions"}],"wp:featuredmedia":[{"embeddable":true,"href":"https:\/\/archive.sana.sy\/es\/index.php?rest_route=\/wp\/v2\/media\/232416"}],"wp:attachment":[{"href":"https:\/\/archive.sana.sy\/es\/index.php?rest_route=%2Fwp%2Fv2%2Fmedia&parent=232415"}],"wp:term":[{"taxonomy":"category","embeddable":true,"href":"https:\/\/archive.sana.sy\/es\/index.php?rest_route=%2Fwp%2Fv2%2Fcategories&post=232415"},{"taxonomy":"post_tag","embeddable":true,"href":"https:\/\/archive.sana.sy\/es\/index.php?rest_route=%2Fwp%2Fv2%2Ftags&post=232415"}],"curies":[{"name":"wp","href":"https:\/\/api.w.org\/{rel}","templated":true}]}}