{"id":232442,"date":"2022-05-08T14:25:16","date_gmt":"2022-05-08T11:25:16","guid":{"rendered":"http:\/\/107.6.182.27\/es\/?p=232442"},"modified":"2023-01-10T14:03:53","modified_gmt":"2023-01-10T12:03:53","slug":"ministerio-de-justicia-cancela-ordenes-de-busqueda-y-detencion-relacionados-con-delitos-de-la-ley-antiterrorista","status":"publish","type":"post","link":"https:\/\/archive.sana.sy\/es\/?p=232442","title":{"rendered":"Ministerio de Justicia cancela \u00f3rdenes de b\u00fasqueda y detenci\u00f3n relacionados con delitos de la Ley Antiterrorista"},"content":{"rendered":"<p style=\"text-align: justify;\"><span style=\"color: #800000;\"><strong>Damasco, 8 may (SANA)\u00a0<\/strong><\/span>\u00a0 \u00a0El Ministerio de Justicia anunci\u00f3 la cancelaci\u00f3n de todos los procedimientos y \u00f3rdenes de b\u00fasqueda y arresto relacionados con los delitos estipulados en la Ley Antiterrorista para todos los ciudadanos sirios dentro de Siria o en el extranjero.<\/p>\n<p style=\"text-align: justify;\">Esta decisi\u00f3n excluye a aquellos cuyos delitos condujeron a la muerte de una persona o a\u00fan se comprueba su afiliaci\u00f3n a organizaciones terroristas o su asociaci\u00f3n con otros pa\u00edses.<\/p>\n<p style=\"text-align: justify;\">\u201cEn aplicaci\u00f3n de las normas del Decreto Legislativo No. 7 para 2022, que incluye una amnist\u00eda sobre los delitos terroristas cometidos por sirios antes de la fecha del 30 de abril de 2022, todas las \u00f3rdenes de b\u00fasqueda y \u00a0arresto relacionados con los delitos estipulados en la Ley Antiterrorista No. 19 de 2012 quedan cancelados, a menos que sus actos hayan causado la muerte de una persona o a\u00fan est\u00e1n afiliados a organizaciones terroristas o est\u00e1n asociados con otros pa\u00edses\u201d, inform\u00f3 el Ministerio en un comunicado.<\/p>\n<p style=\"text-align: justify;\">fm<\/p>\n<p style=\"text-align: justify;\">\n","protected":false},"excerpt":{"rendered":"<p>Damasco, 8 may (SANA)\u00a0\u00a0 \u00a0El Ministerio de Justicia anunci\u00f3 la cancelaci\u00f3n de todos los procedimientos y \u00f3rdenes de b\u00fasqueda y arresto relacionados con los delitos estipulados en la Ley Antiterrorista para todos los ciudadanos sirios dentro de Siria o en el extranjero. Esta decisi\u00f3n excluye a aquellos cuyos delitos condujeron a la muerte de una &hellip;<\/p>\n","protected":false},"author":34,"featured_media":232443,"comment_status":"closed","ping_status":"closed","sticky":false,"template":"","format":"standard","meta":{"footnotes":""},"categories":[447,477,597,476,457,7541],"tags":[],"class_list":["post-232442","post","type-post","status-publish","format-standard","has-post-thumbnail","","category-local-politica","category-noticias-edulcorantes","category-cinta-de-noticias","category-locales","category-noticias-arabe-internacional-politica","category-ultimas-noticias"],"_links":{"self":[{"href":"https:\/\/archive.sana.sy\/es\/index.php?rest_route=\/wp\/v2\/posts\/232442"}],"collection":[{"href":"https:\/\/archive.sana.sy\/es\/index.php?rest_route=\/wp\/v2\/posts"}],"about":[{"href":"https:\/\/archive.sana.sy\/es\/index.php?rest_route=\/wp\/v2\/types\/post"}],"author":[{"embeddable":true,"href":"https:\/\/archive.sana.sy\/es\/index.php?rest_route=\/wp\/v2\/users\/34"}],"replies":[{"embeddable":true,"href":"https:\/\/archive.sana.sy\/es\/index.php?rest_route=%2Fwp%2Fv2%2Fcomments&post=232442"}],"version-history":[{"count":0,"href":"https:\/\/archive.sana.sy\/es\/index.php?rest_route=\/wp\/v2\/posts\/232442\/revisions"}],"wp:featuredmedia":[{"embeddable":true,"href":"https:\/\/archive.sana.sy\/es\/index.php?rest_route=\/wp\/v2\/media\/232443"}],"wp:attachment":[{"href":"https:\/\/archive.sana.sy\/es\/index.php?rest_route=%2Fwp%2Fv2%2Fmedia&parent=232442"}],"wp:term":[{"taxonomy":"category","embeddable":true,"href":"https:\/\/archive.sana.sy\/es\/index.php?rest_route=%2Fwp%2Fv2%2Fcategories&post=232442"},{"taxonomy":"post_tag","embeddable":true,"href":"https:\/\/archive.sana.sy\/es\/index.php?rest_route=%2Fwp%2Fv2%2Ftags&post=232442"}],"curies":[{"name":"wp","href":"https:\/\/api.w.org\/{rel}","templated":true}]}}