{"id":232517,"date":"2022-05-08T14:30:08","date_gmt":"2022-05-08T11:30:08","guid":{"rendered":"http:\/\/107.6.182.27\/es\/?p=232517"},"modified":"2023-01-10T14:03:53","modified_gmt":"2023-01-10T12:03:53","slug":"dos-ninos-pierden-la-vida-por-explosion-de-una-mina-en-deraa","status":"publish","type":"post","link":"https:\/\/archive.sana.sy\/es\/?p=232517","title":{"rendered":"Dos ni\u00f1os pierden la vida por explosi\u00f3n de una mina en Deraa"},"content":{"rendered":"<p style=\"text-align: justify;\"><strong><span style=\"color: #800000;\">Deraa, 08 may (SANA)\u00a0<\/span> <\/strong>\u00a0Dos ni\u00f1os perdieron su vida a consecuencia de la explosi\u00f3n de un artefacto explosivo abandonado por terroristas en la localidad de Al-Faqi, el norte de la provincia de Deraa.<\/p>\n<p style=\"text-align: justify;\">Seg\u00fan inform\u00f3 una fuente oficial, un artefacto explosivo colocado por terroristas antes de su derrota en la localidad de al- Faqi y sus alrededores en el norte de Deraa, estall\u00f3 cuando dos ni\u00f1os caminaban por las tierras agr\u00edcolas cercanas, lo que provoc\u00f3 la muerte de los dos menores.<\/p>\n<p style=\"text-align: justify;\">ed\/fm<\/p>\n","protected":false},"excerpt":{"rendered":"<p>Deraa, 08 may (SANA)\u00a0 \u00a0Dos ni\u00f1os perdieron su vida a consecuencia de la explosi\u00f3n de un artefacto explosivo abandonado por terroristas en la localidad de Al-Faqi, el norte de la provincia de Deraa. Seg\u00fan inform\u00f3 una fuente oficial, un artefacto explosivo colocado por terroristas antes de su derrota en la localidad de al- Faqi y &hellip;<\/p>\n","protected":false},"author":32,"featured_media":232518,"comment_status":"closed","ping_status":"closed","sticky":false,"template":"","format":"standard","meta":{"footnotes":""},"categories":[447,477,597,476,7541],"tags":[],"class_list":["post-232517","post","type-post","status-publish","format-standard","has-post-thumbnail","","category-local-politica","category-noticias-edulcorantes","category-cinta-de-noticias","category-locales","category-ultimas-noticias"],"_links":{"self":[{"href":"https:\/\/archive.sana.sy\/es\/index.php?rest_route=\/wp\/v2\/posts\/232517"}],"collection":[{"href":"https:\/\/archive.sana.sy\/es\/index.php?rest_route=\/wp\/v2\/posts"}],"about":[{"href":"https:\/\/archive.sana.sy\/es\/index.php?rest_route=\/wp\/v2\/types\/post"}],"author":[{"embeddable":true,"href":"https:\/\/archive.sana.sy\/es\/index.php?rest_route=\/wp\/v2\/users\/32"}],"replies":[{"embeddable":true,"href":"https:\/\/archive.sana.sy\/es\/index.php?rest_route=%2Fwp%2Fv2%2Fcomments&post=232517"}],"version-history":[{"count":0,"href":"https:\/\/archive.sana.sy\/es\/index.php?rest_route=\/wp\/v2\/posts\/232517\/revisions"}],"wp:featuredmedia":[{"embeddable":true,"href":"https:\/\/archive.sana.sy\/es\/index.php?rest_route=\/wp\/v2\/media\/232518"}],"wp:attachment":[{"href":"https:\/\/archive.sana.sy\/es\/index.php?rest_route=%2Fwp%2Fv2%2Fmedia&parent=232517"}],"wp:term":[{"taxonomy":"category","embeddable":true,"href":"https:\/\/archive.sana.sy\/es\/index.php?rest_route=%2Fwp%2Fv2%2Fcategories&post=232517"},{"taxonomy":"post_tag","embeddable":true,"href":"https:\/\/archive.sana.sy\/es\/index.php?rest_route=%2Fwp%2Fv2%2Ftags&post=232517"}],"curies":[{"name":"wp","href":"https:\/\/api.w.org\/{rel}","templated":true}]}}