{"id":232572,"date":"2022-05-08T20:30:27","date_gmt":"2022-05-08T17:30:27","guid":{"rendered":"http:\/\/107.6.182.27\/es\/?p=232572"},"modified":"2022-05-08T21:44:12","modified_gmt":"2022-05-08T18:44:12","slug":"siria-afirma-que-la-unidad-islamica-se-logra-uniendo-esfuerzos-para-enfrentar-el-extremismo-y-el-terrorismo","status":"publish","type":"post","link":"https:\/\/archive.sana.sy\/es\/?p=232572","title":{"rendered":"Siria afirma que la unidad isl\u00e1mica se logra uniendo esfuerzos para enfrentar el extremismo y el terrorismo"},"content":{"rendered":"<blockquote>\n<p style=\"text-align: justify;\">La yihad en el Islam solo puede tener lugar bajo la bandera de la patria y el ej\u00e9rcito de la patria, y que en ning\u00fan caso est\u00e1 permitido levantar las armas frente al Estado con el pretexto de la yihad, como lo hacen los grupos terroristas, dijo al-Sayed.<\/p>\n<\/blockquote>\n<p style=\"text-align: justify;\"><span style=\"color: #800000;\"><strong>Abu Dabi, 8 may (SANA)<\/strong><\/span>\u00a0 \u00a0El ministro de Asuntos Religiosos de Siria, Muhammad Abdul-Sattar al-Sayed, afirm\u00f3 que la unidad isl\u00e1mica solo puede lograrse unificando los esfuerzos de las instituciones religiosas en el mundo para enfrentar el extremismo y el terrorismo que sufre Siria desde hace 10 a\u00f1os.<\/p>\n<p style=\"text-align: justify;\">Esta postura fue anunciada por el ministro Al-Sayed en su discurso pronunciado ante la Conferencia de Unidad Isl\u00e1mica que se est\u00e1 celebrando actualmente en Abu Dabi bajo el lema de la \u201cUnidad Isl\u00e1mica: Concepto, Oportunidades y Desaf\u00edos\u201d.<\/p>\n<p style=\"text-align: justify;\">\u201cLa unificaci\u00f3n de esfuerzos y la relaci\u00f3n entre los pa\u00edses isl\u00e1micos debe basarse en el respeto a la patria y los valores de la ciudadan\u00eda\u201d, dijo el titular.<\/p>\n<p style=\"text-align: justify;\">Agreg\u00f3 que \u201ces necesario adoptar los valores de defensa de la patria, los derechos de la mujer, la relaci\u00f3n excelente con los cristianos, el respeto a la raz\u00f3n y la ciencia como base com\u00fan de la que parten los pa\u00edses isl\u00e1micos\u201d.<\/p>\n<p style=\"text-align: justify;\">Al-Sayed enfatiz\u00f3 la necesidad de proteger la juventud de las garras de los extremistas a trav\u00e9s de un discurso religioso moderado y moderno.<\/p>\n<p style=\"text-align: justify;\">Aclar\u00f3 que la yihad en el Islam solo puede tener lugar bajo la bandera de la patria y el ej\u00e9rcito de la patria, y que en ning\u00fan caso est\u00e1 permitido levantar las armas frente al Estado con el pretexto de la yihad, como lo hacen los grupos terroristas.<\/p>\n<p style=\"text-align: justify;\">fm\/rr<\/p>\n<div id='gallery-1' class='gallery galleryid-232572 gallery-columns-1 gallery-size-full'><figure class='gallery-item'>\n\t\t\t<div class='gallery-icon portrait'>\n\t\t\t\t<a href='https:\/\/archive.sana.sy\/es\/wp-content\/uploads\/2022\/05\/photo_2022-05-08_13-16-05.jpg'><img loading=\"lazy\" decoding=\"async\" width=\"350\" height=\"467\" src=\"https:\/\/archive.sana.sy\/es\/wp-content\/uploads\/2022\/05\/photo_2022-05-08_13-16-05.jpg\" class=\"attachment-full size-full\" alt=\"\" srcset=\"https:\/\/archive.sana.sy\/es\/wp-content\/uploads\/2022\/05\/photo_2022-05-08_13-16-05.jpg 350w, https:\/\/archive.sana.sy\/es\/wp-content\/uploads\/2022\/05\/photo_2022-05-08_13-16-05-225x300.jpg 225w, https:\/\/archive.sana.sy\/es\/wp-content\/uploads\/2022\/05\/photo_2022-05-08_13-16-05-112x150.jpg 112w\" sizes=\"(max-width: 350px) 100vw, 350px\" \/><\/a>\n\t\t\t<\/div><\/figure><figure class='gallery-item'>\n\t\t\t<div class='gallery-icon landscape'>\n\t\t\t\t<a href='https:\/\/archive.sana.sy\/es\/wp-content\/uploads\/2022\/05\/1-41.jpg'><img loading=\"lazy\" decoding=\"async\" width=\"720\" height=\"540\" src=\"https:\/\/archive.sana.sy\/es\/wp-content\/uploads\/2022\/05\/1-41.jpg\" class=\"attachment-full size-full\" alt=\"\" srcset=\"https:\/\/archive.sana.sy\/es\/wp-content\/uploads\/2022\/05\/1-41.jpg 720w, https:\/\/archive.sana.sy\/es\/wp-content\/uploads\/2022\/05\/1-41-300x225.jpg 300w, https:\/\/archive.sana.sy\/es\/wp-content\/uploads\/2022\/05\/1-41-150x113.jpg 150w\" sizes=\"(max-width: 720px) 100vw, 720px\" \/><\/a>\n\t\t\t<\/div><\/figure><figure class='gallery-item'>\n\t\t\t<div class='gallery-icon landscape'>\n\t\t\t\t<a href='https:\/\/archive.sana.sy\/es\/wp-content\/uploads\/2022\/05\/2-41.jpg'><img loading=\"lazy\" decoding=\"async\" width=\"720\" height=\"540\" src=\"https:\/\/archive.sana.sy\/es\/wp-content\/uploads\/2022\/05\/2-41.jpg\" class=\"attachment-full size-full\" alt=\"\" srcset=\"https:\/\/archive.sana.sy\/es\/wp-content\/uploads\/2022\/05\/2-41.jpg 720w, https:\/\/archive.sana.sy\/es\/wp-content\/uploads\/2022\/05\/2-41-300x225.jpg 300w, https:\/\/archive.sana.sy\/es\/wp-content\/uploads\/2022\/05\/2-41-150x113.jpg 150w\" sizes=\"(max-width: 720px) 100vw, 720px\" \/><\/a>\n\t\t\t<\/div><\/figure><figure class='gallery-item'>\n\t\t\t<div class='gallery-icon landscape'>\n\t\t\t\t<a href='https:\/\/archive.sana.sy\/es\/wp-content\/uploads\/2022\/05\/3-40.jpg'><img loading=\"lazy\" decoding=\"async\" width=\"720\" height=\"540\" src=\"https:\/\/archive.sana.sy\/es\/wp-content\/uploads\/2022\/05\/3-40.jpg\" class=\"attachment-full size-full\" alt=\"\" srcset=\"https:\/\/archive.sana.sy\/es\/wp-content\/uploads\/2022\/05\/3-40.jpg 720w, https:\/\/archive.sana.sy\/es\/wp-content\/uploads\/2022\/05\/3-40-300x225.jpg 300w, https:\/\/archive.sana.sy\/es\/wp-content\/uploads\/2022\/05\/3-40-150x113.jpg 150w\" sizes=\"(max-width: 720px) 100vw, 720px\" \/><\/a>\n\t\t\t<\/div><\/figure><figure class='gallery-item'>\n\t\t\t<div class='gallery-icon portrait'>\n\t\t\t\t<a href='https:\/\/archive.sana.sy\/es\/wp-content\/uploads\/2022\/05\/4-34.jpg'><img loading=\"lazy\" decoding=\"async\" width=\"718\" height=\"1080\" src=\"https:\/\/archive.sana.sy\/es\/wp-content\/uploads\/2022\/05\/4-34.jpg\" class=\"attachment-full size-full\" alt=\"\" srcset=\"https:\/\/archive.sana.sy\/es\/wp-content\/uploads\/2022\/05\/4-34.jpg 718w, https:\/\/archive.sana.sy\/es\/wp-content\/uploads\/2022\/05\/4-34-199x300.jpg 199w, https:\/\/archive.sana.sy\/es\/wp-content\/uploads\/2022\/05\/4-34-681x1024.jpg 681w, https:\/\/archive.sana.sy\/es\/wp-content\/uploads\/2022\/05\/4-34-100x150.jpg 100w\" sizes=\"(max-width: 718px) 100vw, 718px\" \/><\/a>\n\t\t\t<\/div><\/figure>\n\t\t<\/div>\n\n","protected":false},"excerpt":{"rendered":"<p>La yihad en el Islam solo puede tener lugar bajo la bandera de la patria y el ej\u00e9rcito de la patria, y que en ning\u00fan caso est\u00e1 permitido levantar las armas frente al Estado con el pretexto de la yihad, como lo hacen los grupos terroristas, dijo al-Sayed. Abu Dabi, 8 may (SANA)\u00a0 \u00a0El ministro &hellip;<\/p>\n","protected":false},"author":31,"featured_media":232573,"comment_status":"closed","ping_status":"closed","sticky":false,"template":"","format":"standard","meta":{"footnotes":""},"categories":[597,467,7541],"tags":[],"class_list":["post-232572","post","type-post","status-publish","format-standard","has-post-thumbnail","","category-cinta-de-noticias","category-siria-y-el-mundo","category-ultimas-noticias"],"_links":{"self":[{"href":"https:\/\/archive.sana.sy\/es\/index.php?rest_route=\/wp\/v2\/posts\/232572"}],"collection":[{"href":"https:\/\/archive.sana.sy\/es\/index.php?rest_route=\/wp\/v2\/posts"}],"about":[{"href":"https:\/\/archive.sana.sy\/es\/index.php?rest_route=\/wp\/v2\/types\/post"}],"author":[{"embeddable":true,"href":"https:\/\/archive.sana.sy\/es\/index.php?rest_route=\/wp\/v2\/users\/31"}],"replies":[{"embeddable":true,"href":"https:\/\/archive.sana.sy\/es\/index.php?rest_route=%2Fwp%2Fv2%2Fcomments&post=232572"}],"version-history":[{"count":0,"href":"https:\/\/archive.sana.sy\/es\/index.php?rest_route=\/wp\/v2\/posts\/232572\/revisions"}],"wp:featuredmedia":[{"embeddable":true,"href":"https:\/\/archive.sana.sy\/es\/index.php?rest_route=\/wp\/v2\/media\/232573"}],"wp:attachment":[{"href":"https:\/\/archive.sana.sy\/es\/index.php?rest_route=%2Fwp%2Fv2%2Fmedia&parent=232572"}],"wp:term":[{"taxonomy":"category","embeddable":true,"href":"https:\/\/archive.sana.sy\/es\/index.php?rest_route=%2Fwp%2Fv2%2Fcategories&post=232572"},{"taxonomy":"post_tag","embeddable":true,"href":"https:\/\/archive.sana.sy\/es\/index.php?rest_route=%2Fwp%2Fv2%2Ftags&post=232572"}],"curies":[{"name":"wp","href":"https:\/\/api.w.org\/{rel}","templated":true}]}}