{"id":232625,"date":"2022-05-09T05:39:19","date_gmt":"2022-05-09T02:39:19","guid":{"rendered":"http:\/\/107.6.182.27\/es\/?p=232625"},"modified":"2023-01-10T16:19:04","modified_gmt":"2023-01-10T14:19:04","slug":"manifestacion-en-la-capital-checa-para-condenar-el-suministro-de-armas-a-ucrania","status":"publish","type":"post","link":"https:\/\/archive.sana.sy\/es\/?p=232625","title":{"rendered":"Manifestaci\u00f3n en la capital checa para condenar el suministro de armas a Ucrania"},"content":{"rendered":"<p style=\"text-align: justify;\"><span style=\"color: #800000;\"><strong>Praga, 9 may (SANA)\u00a0<\/strong><\/span> Cientos de personas se manifestaron en el centro de la capital checa, Praga, para denunciar las pr\u00e1cticas de la Organizaci\u00f3n del Tratado del Atl\u00e1ntico Norte (OTAN) y Estados Unidos, y su suministro de armas a Ucrania.<\/p>\n<p style=\"text-align: justify;\">\u201cUna de las principales razones de la crisis en Ucrania es la falta de voluntad de Estados Unidos y la Uni\u00f3n Europea para llevar a cabo negociaciones reales con Rusia sobre el seguridad de la regi\u00f3n\u201d, afirmaron algunos de los participantes en la manifestaci\u00f3n que parti\u00f3 desde la Plaza de la Rep\u00fablica en el centro de Praga.<\/p>\n<p style=\"text-align: justify;\">Asimismo advirtieron que las autoridades checas est\u00e1n enga\u00f1ando a los ciudadanos con informaci\u00f3n falsa sobre lo que est\u00e1 sucediendo.<\/p>\n<p style=\"text-align: justify;\">fm<\/p>\n","protected":false},"excerpt":{"rendered":"<p>Praga, 9 may (SANA)\u00a0 Cientos de personas se manifestaron en el centro de la capital checa, Praga, para denunciar las pr\u00e1cticas de la Organizaci\u00f3n del Tratado del Atl\u00e1ntico Norte (OTAN) y Estados Unidos, y su suministro de armas a Ucrania. \u201cUna de las principales razones de la crisis en Ucrania es la falta de voluntad &hellip;<\/p>\n","protected":false},"author":34,"featured_media":232626,"comment_status":"closed","ping_status":"closed","sticky":false,"template":"","format":"standard","meta":{"footnotes":""},"categories":[597,456,7541],"tags":[],"class_list":["post-232625","post","type-post","status-publish","format-standard","has-post-thumbnail","","category-cinta-de-noticias","category-arabe-internacional-politica","category-ultimas-noticias"],"_links":{"self":[{"href":"https:\/\/archive.sana.sy\/es\/index.php?rest_route=\/wp\/v2\/posts\/232625"}],"collection":[{"href":"https:\/\/archive.sana.sy\/es\/index.php?rest_route=\/wp\/v2\/posts"}],"about":[{"href":"https:\/\/archive.sana.sy\/es\/index.php?rest_route=\/wp\/v2\/types\/post"}],"author":[{"embeddable":true,"href":"https:\/\/archive.sana.sy\/es\/index.php?rest_route=\/wp\/v2\/users\/34"}],"replies":[{"embeddable":true,"href":"https:\/\/archive.sana.sy\/es\/index.php?rest_route=%2Fwp%2Fv2%2Fcomments&post=232625"}],"version-history":[{"count":0,"href":"https:\/\/archive.sana.sy\/es\/index.php?rest_route=\/wp\/v2\/posts\/232625\/revisions"}],"wp:featuredmedia":[{"embeddable":true,"href":"https:\/\/archive.sana.sy\/es\/index.php?rest_route=\/wp\/v2\/media\/232626"}],"wp:attachment":[{"href":"https:\/\/archive.sana.sy\/es\/index.php?rest_route=%2Fwp%2Fv2%2Fmedia&parent=232625"}],"wp:term":[{"taxonomy":"category","embeddable":true,"href":"https:\/\/archive.sana.sy\/es\/index.php?rest_route=%2Fwp%2Fv2%2Fcategories&post=232625"},{"taxonomy":"post_tag","embeddable":true,"href":"https:\/\/archive.sana.sy\/es\/index.php?rest_route=%2Fwp%2Fv2%2Ftags&post=232625"}],"curies":[{"name":"wp","href":"https:\/\/api.w.org\/{rel}","templated":true}]}}