{"id":232631,"date":"2022-05-09T06:11:17","date_gmt":"2022-05-09T03:11:17","guid":{"rendered":"http:\/\/107.6.182.27\/es\/?p=232631"},"modified":"2023-01-10T16:19:03","modified_gmt":"2023-01-10T14:19:03","slug":"las-vias-ferreas-y-los-puentes-fueron-minadas-por-las-neonazis-de-kiev-denuncia-moscu","status":"publish","type":"post","link":"https:\/\/archive.sana.sy\/es\/?p=232631","title":{"rendered":"Las v\u00edas f\u00e9rreas y los puentes fueron minadas por las neonazis de Kiev, denuncia Mosc\u00fa"},"content":{"rendered":"<p style=\"text-align: justify;\"><span style=\"color: #800000;\"><strong>Mosc\u00fa, 9 may (SANA)\u00a0<\/strong> <\/span>El jefe del Centro de Monitoreo de la Defensa Nacional en Rusia, el teniente general Mikhail Mezintsev, anunci\u00f3 que los neonazis del r\u00e9gimen de Kiev pretenden volar v\u00edas f\u00e9rreas y puentes en la ciudad de Slavyansk, regi\u00f3n de Donb\u00e1s.<\/p>\n<p style=\"text-align: justify;\">&#8220;Los neonazis de las formaciones armadas ucranianas han minado un puente ferroviario en Slaviansk-Kramatorsk en la Rep\u00fablica Popular de Donetsk y un puente para autom\u00f3viles que cruza el r\u00edo Sukhoi Turets, y pretenden volarlos para acusar a las unidades rusas de tales acciones&#8221;, dijo Mezintsev en una conferencia de prensa.<\/p>\n<p style=\"text-align: justify;\">Mizintsev se\u00f1al\u00f3 que en Kramatorsk, los armados ucranianos tomaron posiciones de tiro en la Escuela No. 20 y en el Jard\u00edn de Infancia No. 87, mientras los residentes de las casas vecinas est\u00e1n retenidos en los s\u00f3tanos y fueron minados todos los caminos que conducen a estas instalaciones.<\/p>\n<p style=\"text-align: justify;\">El oficial dio a conocer tambi\u00e9n que los ultranacionalistas ucranianos tambi\u00e9n prepararon fortificaciones y un dep\u00f3sito de municiones en un edificio en las cercan\u00edas del Hospital Regional de Ni\u00f1os en J\u00e1rkov y obligaron al personal del hospital y a todos los civiles, incluidos ni\u00f1os gravemente enfermos, a abandonar el centro m\u00e9dico bajo amenazas de violencia.<\/p>\n<p style=\"text-align: justify;\">fm<\/p>\n","protected":false},"excerpt":{"rendered":"<p>Mosc\u00fa, 9 may (SANA)\u00a0 El jefe del Centro de Monitoreo de la Defensa Nacional en Rusia, el teniente general Mikhail Mezintsev, anunci\u00f3 que los neonazis del r\u00e9gimen de Kiev pretenden volar v\u00edas f\u00e9rreas y puentes en la ciudad de Slavyansk, regi\u00f3n de Donb\u00e1s. &#8220;Los neonazis de las formaciones armadas ucranianas han minado un puente ferroviario &hellip;<\/p>\n","protected":false},"author":34,"featured_media":232632,"comment_status":"closed","ping_status":"closed","sticky":false,"template":"","format":"standard","meta":{"footnotes":""},"categories":[597,456,7541],"tags":[],"class_list":["post-232631","post","type-post","status-publish","format-standard","has-post-thumbnail","","category-cinta-de-noticias","category-arabe-internacional-politica","category-ultimas-noticias"],"_links":{"self":[{"href":"https:\/\/archive.sana.sy\/es\/index.php?rest_route=\/wp\/v2\/posts\/232631"}],"collection":[{"href":"https:\/\/archive.sana.sy\/es\/index.php?rest_route=\/wp\/v2\/posts"}],"about":[{"href":"https:\/\/archive.sana.sy\/es\/index.php?rest_route=\/wp\/v2\/types\/post"}],"author":[{"embeddable":true,"href":"https:\/\/archive.sana.sy\/es\/index.php?rest_route=\/wp\/v2\/users\/34"}],"replies":[{"embeddable":true,"href":"https:\/\/archive.sana.sy\/es\/index.php?rest_route=%2Fwp%2Fv2%2Fcomments&post=232631"}],"version-history":[{"count":0,"href":"https:\/\/archive.sana.sy\/es\/index.php?rest_route=\/wp\/v2\/posts\/232631\/revisions"}],"wp:featuredmedia":[{"embeddable":true,"href":"https:\/\/archive.sana.sy\/es\/index.php?rest_route=\/wp\/v2\/media\/232632"}],"wp:attachment":[{"href":"https:\/\/archive.sana.sy\/es\/index.php?rest_route=%2Fwp%2Fv2%2Fmedia&parent=232631"}],"wp:term":[{"taxonomy":"category","embeddable":true,"href":"https:\/\/archive.sana.sy\/es\/index.php?rest_route=%2Fwp%2Fv2%2Fcategories&post=232631"},{"taxonomy":"post_tag","embeddable":true,"href":"https:\/\/archive.sana.sy\/es\/index.php?rest_route=%2Fwp%2Fv2%2Ftags&post=232631"}],"curies":[{"name":"wp","href":"https:\/\/api.w.org\/{rel}","templated":true}]}}