{"id":232784,"date":"2022-05-09T17:50:02","date_gmt":"2022-05-09T14:50:02","guid":{"rendered":"http:\/\/107.6.182.27\/es\/?p=232784"},"modified":"2023-01-10T15:12:57","modified_gmt":"2023-01-10T13:12:57","slug":"siria-participa-en-la-feria-mercado-de-viajes-arabe-en-dubai","status":"publish","type":"post","link":"https:\/\/archive.sana.sy\/es\/?p=232784","title":{"rendered":"Siria participa en la feria \u201cMercado de Viajes \u00c1rabe\u201d en Dub\u00e1i"},"content":{"rendered":"<p style=\"text-align: justify;\"><span style=\"color: #800000;\"><strong>Dub\u00e1i, 9 may (SANA)<\/strong> <\/span>Con la participaci\u00f3n de Siria, arrancaron hoy las actividades de la feria \u201cMercado de Viajes \u00c1rabe 2022\u201d, que se lleva a cabo en cooperaci\u00f3n con el Centro de Comercio Internacional en Dub\u00e1i, se lanzaron hoy en Dubai, Emiratos \u00c1rabes Unidos.<\/p>\n<p style=\"text-align: justify;\">El pabell\u00f3n sirio cuenta con varias participaciones nacionales presentadas por hoteles internacionales, agencias de viajes y turismo, la Compa\u00f1\u00eda Siria de Transporte y Turismo y algunas empresas privadas, adem\u00e1s del ala de la aerol\u00ednea siria Cham Wings.<\/p>\n<p style=\"text-align: justify;\">En declaraciones al corresponsal de SANA, el ministro adjunto de Turismo, Ghiath Al-Farrah, explic\u00f3 que la exposici\u00f3n es uno de los pilares m\u00e1s importantes en el mercado de viajes \u00e1rabe, y se\u00f1al\u00f3 Siria participa por tercera en este evento, que comenz\u00f3 en 2019 y se detuvo en 2021 debido a la pandemia del coronavirus.<\/p>\n<p style=\"text-align: justify;\">Cabe destacar que a la exposici\u00f3n, que se prolongar\u00e1 hasta el d\u00eda 12 de este mes, asistir\u00e1n cerca de 1.500 empresas e instituciones tur\u00edsticas internacionales.<\/p>\n<p style=\"text-align: justify;\">mm<\/p>\n<p>&nbsp;<\/p>\n<p>&nbsp;<\/p>\n","protected":false},"excerpt":{"rendered":"<p>Dub\u00e1i, 9 may (SANA) Con la participaci\u00f3n de Siria, arrancaron hoy las actividades de la feria \u201cMercado de Viajes \u00c1rabe 2022\u201d, que se lleva a cabo en cooperaci\u00f3n con el Centro de Comercio Internacional en Dub\u00e1i, se lanzaron hoy en Dubai, Emiratos \u00c1rabes Unidos. El pabell\u00f3n sirio cuenta con varias participaciones nacionales presentadas por hoteles &hellip;<\/p>\n","protected":false},"author":36,"featured_media":232785,"comment_status":"closed","ping_status":"closed","sticky":false,"template":"","format":"standard","meta":{"footnotes":""},"categories":[597,16686,485],"tags":[20719],"class_list":["post-232784","post","type-post","status-publish","format-standard","has-post-thumbnail","","category-cinta-de-noticias","category-economia","category-informes-negocios-y-finanzas","tag-mercado-de-viajes-arabe"],"_links":{"self":[{"href":"https:\/\/archive.sana.sy\/es\/index.php?rest_route=\/wp\/v2\/posts\/232784"}],"collection":[{"href":"https:\/\/archive.sana.sy\/es\/index.php?rest_route=\/wp\/v2\/posts"}],"about":[{"href":"https:\/\/archive.sana.sy\/es\/index.php?rest_route=\/wp\/v2\/types\/post"}],"author":[{"embeddable":true,"href":"https:\/\/archive.sana.sy\/es\/index.php?rest_route=\/wp\/v2\/users\/36"}],"replies":[{"embeddable":true,"href":"https:\/\/archive.sana.sy\/es\/index.php?rest_route=%2Fwp%2Fv2%2Fcomments&post=232784"}],"version-history":[{"count":0,"href":"https:\/\/archive.sana.sy\/es\/index.php?rest_route=\/wp\/v2\/posts\/232784\/revisions"}],"wp:featuredmedia":[{"embeddable":true,"href":"https:\/\/archive.sana.sy\/es\/index.php?rest_route=\/wp\/v2\/media\/232785"}],"wp:attachment":[{"href":"https:\/\/archive.sana.sy\/es\/index.php?rest_route=%2Fwp%2Fv2%2Fmedia&parent=232784"}],"wp:term":[{"taxonomy":"category","embeddable":true,"href":"https:\/\/archive.sana.sy\/es\/index.php?rest_route=%2Fwp%2Fv2%2Fcategories&post=232784"},{"taxonomy":"post_tag","embeddable":true,"href":"https:\/\/archive.sana.sy\/es\/index.php?rest_route=%2Fwp%2Fv2%2Ftags&post=232784"}],"curies":[{"name":"wp","href":"https:\/\/api.w.org\/{rel}","templated":true}]}}