{"id":232787,"date":"2022-05-09T18:00:11","date_gmt":"2022-05-09T15:00:11","guid":{"rendered":"http:\/\/107.6.182.27\/es\/?p=232787"},"modified":"2023-01-10T16:19:01","modified_gmt":"2023-01-10T14:19:01","slug":"marcha-del-regimiento-inmortal-recorre-moscu-con-participacion-de-putin","status":"publish","type":"post","link":"https:\/\/archive.sana.sy\/es\/?p=232787","title":{"rendered":"Marcha del Regimiento Inmortal recorre Mosc\u00fa con participaci\u00f3n de Putin"},"content":{"rendered":"<p style=\"text-align: justify;\"><strong>Mosc\u00fa, 09 may (SANA) <\/strong>La Marcha del Regimiento Inmortal en honor a los soldados ca\u00eddos durante la Gran Guerra Patria comenz\u00f3 hoy en Mosc\u00fa con la participaci\u00f3n del presidente ruso Vladimir Putin, quien portaba la imagen de su padre.<\/p>\n<p style=\"text-align: justify;\">&#8220;Cientos de miles de residentes de la capital rusa se han reunido para participar en la marcha a pesar del mal tiempo&#8221;, dijo el alcalde de Mosc\u00fa, Sergei Sobianin.<\/p>\n<p style=\"text-align: justify;\">La marcha recorrer\u00e1 unos 7 kil\u00f3metros por las calles de Mosc\u00fa.<\/p>\n<p style=\"text-align: justify;\">En los \u00faltimos d\u00edas, las marchas del Regimiento Inmortal se celebraron tambi\u00e9n en muchas ciudades dentro y fuera de Rusia.<\/p>\n<p style=\"text-align: justify;\"><em><strong>ah\/rsh<\/strong><\/em><\/p>\n<p>&nbsp;<\/p>\n","protected":false},"excerpt":{"rendered":"<p>Mosc\u00fa, 09 may (SANA) La Marcha del Regimiento Inmortal en honor a los soldados ca\u00eddos durante la Gran Guerra Patria comenz\u00f3 hoy en Mosc\u00fa con la participaci\u00f3n del presidente ruso Vladimir Putin, quien portaba la imagen de su padre. &#8220;Cientos de miles de residentes de la capital rusa se han reunido para participar en la &hellip;<\/p>\n","protected":false},"author":30,"featured_media":232788,"comment_status":"closed","ping_status":"closed","sticky":false,"template":"","format":"standard","meta":{"footnotes":""},"categories":[597,456],"tags":[],"class_list":["post-232787","post","type-post","status-publish","format-standard","has-post-thumbnail","","category-cinta-de-noticias","category-arabe-internacional-politica"],"_links":{"self":[{"href":"https:\/\/archive.sana.sy\/es\/index.php?rest_route=\/wp\/v2\/posts\/232787"}],"collection":[{"href":"https:\/\/archive.sana.sy\/es\/index.php?rest_route=\/wp\/v2\/posts"}],"about":[{"href":"https:\/\/archive.sana.sy\/es\/index.php?rest_route=\/wp\/v2\/types\/post"}],"author":[{"embeddable":true,"href":"https:\/\/archive.sana.sy\/es\/index.php?rest_route=\/wp\/v2\/users\/30"}],"replies":[{"embeddable":true,"href":"https:\/\/archive.sana.sy\/es\/index.php?rest_route=%2Fwp%2Fv2%2Fcomments&post=232787"}],"version-history":[{"count":0,"href":"https:\/\/archive.sana.sy\/es\/index.php?rest_route=\/wp\/v2\/posts\/232787\/revisions"}],"wp:featuredmedia":[{"embeddable":true,"href":"https:\/\/archive.sana.sy\/es\/index.php?rest_route=\/wp\/v2\/media\/232788"}],"wp:attachment":[{"href":"https:\/\/archive.sana.sy\/es\/index.php?rest_route=%2Fwp%2Fv2%2Fmedia&parent=232787"}],"wp:term":[{"taxonomy":"category","embeddable":true,"href":"https:\/\/archive.sana.sy\/es\/index.php?rest_route=%2Fwp%2Fv2%2Fcategories&post=232787"},{"taxonomy":"post_tag","embeddable":true,"href":"https:\/\/archive.sana.sy\/es\/index.php?rest_route=%2Fwp%2Fv2%2Ftags&post=232787"}],"curies":[{"name":"wp","href":"https:\/\/api.w.org\/{rel}","templated":true}]}}