{"id":232934,"date":"2022-05-10T18:39:16","date_gmt":"2022-05-10T15:39:16","guid":{"rendered":"http:\/\/107.6.182.27\/es\/?p=232934"},"modified":"2022-05-11T11:45:14","modified_gmt":"2022-05-11T08:45:14","slug":"el-ministro-de-defensa-y-los-embajadores-sirios-en-china-y-armenia-prestan-juramento-constitucional-ante-el-presidente-al-assad","status":"publish","type":"post","link":"https:\/\/archive.sana.sy\/es\/?p=232934","title":{"rendered":"El ministro de Defensa y los embajadores sirios en China y Armenia prestan juramento constitucional ante el presidente Al-Assad"},"content":{"rendered":"<p style=\"text-align: justify;\"><span style=\"color: #800000;\"><strong>Damasco, 10 may (SANA)<\/strong> <\/span>El teniente general Ali Mahmoud Abbas, prest\u00f3 hoy juramento ante el presidente Bashar al-Assad como ministro de Defensa.<\/p>\n<p style=\"text-align: justify;\">El mandatario recibi\u00f3 al titular, le dio sus directivas y le dese\u00f3 \u00e9xito en el desempe\u00f1o de sus nuevas responsabilidades.<\/p>\n<p style=\"text-align: justify;\">Prestaron tambi\u00e9n juramento legal Muhammad Hassanein Khalil Khaddam, como embajador de la Rep\u00fablica \u00c1rabe Siria ante la Rep\u00fablica Popular China, y la Dra. Nora Mardiros Arissian, como embajadora de la Rep\u00fablica \u00c1rabe Siria ante la Rep\u00fablica de Armenia.<\/p>\n<p style=\"text-align: justify;\">Posteriormente, el presidente recibi\u00f3 a los dos nuevos embajadores, les dio sus instrucciones y les dese\u00f3 \u00e9xito en sus misiones.<\/p>\n<p style=\"text-align: justify;\">A la ceremonia de juramentaci\u00f3n asistieron Faisal al-Mekdad, ministro de Relaciones Exteriores y Expatriados, y Mansour Azzam, ministro de Asuntos Presidenciales.<\/p>\n<p style=\"text-align: justify;\">fm\/ed<\/p>\n<p><a href=\"http:\/\/107.6.182.27\/es\/wp-content\/uploads\/2022\/05\/222.jpg\"><img loading=\"lazy\" decoding=\"async\" class=\"aligncenter wp-image-233070 size-full\" src=\"http:\/\/107.6.182.27\/es\/wp-content\/uploads\/2022\/05\/222.jpg\" alt=\"\" width=\"768\" height=\"388\" srcset=\"https:\/\/archive.sana.sy\/es\/wp-content\/uploads\/2022\/05\/222.jpg 768w, https:\/\/archive.sana.sy\/es\/wp-content\/uploads\/2022\/05\/222-300x152.jpg 300w, https:\/\/archive.sana.sy\/es\/wp-content\/uploads\/2022\/05\/222-150x76.jpg 150w\" sizes=\"(max-width: 768px) 100vw, 768px\" \/><\/a><\/p>\n<p><a href=\"http:\/\/107.6.182.27\/es\/wp-content\/uploads\/2022\/05\/3333333333-3.jpg\"><img loading=\"lazy\" decoding=\"async\" class=\"aligncenter wp-image-233071 size-full\" src=\"http:\/\/107.6.182.27\/es\/wp-content\/uploads\/2022\/05\/3333333333-3.jpg\" alt=\"\" width=\"768\" height=\"422\" srcset=\"https:\/\/archive.sana.sy\/es\/wp-content\/uploads\/2022\/05\/3333333333-3.jpg 768w, https:\/\/archive.sana.sy\/es\/wp-content\/uploads\/2022\/05\/3333333333-3-300x165.jpg 300w, https:\/\/archive.sana.sy\/es\/wp-content\/uploads\/2022\/05\/3333333333-3-150x82.jpg 150w\" sizes=\"(max-width: 768px) 100vw, 768px\" \/><\/a><\/p>\n","protected":false},"excerpt":{"rendered":"<p>Damasco, 10 may (SANA) El teniente general Ali Mahmoud Abbas, prest\u00f3 hoy juramento ante el presidente Bashar al-Assad como ministro de Defensa. El mandatario recibi\u00f3 al titular, le dio sus directivas y le dese\u00f3 \u00e9xito en el desempe\u00f1o de sus nuevas responsabilidades. Prestaron tambi\u00e9n juramento legal Muhammad Hassanein Khalil Khaddam, como embajador de la Rep\u00fablica &hellip;<\/p>\n","protected":false},"author":32,"featured_media":232951,"comment_status":"closed","ping_status":"closed","sticky":false,"template":"","format":"standard","meta":{"footnotes":""},"categories":[477,597,16237,583],"tags":[],"class_list":["post-232934","post","type-post","status-publish","format-standard","has-post-thumbnail","","category-noticias-edulcorantes","category-cinta-de-noticias","category-presidence-de-la-republique-arabe-syria","category-slide"],"_links":{"self":[{"href":"https:\/\/archive.sana.sy\/es\/index.php?rest_route=\/wp\/v2\/posts\/232934"}],"collection":[{"href":"https:\/\/archive.sana.sy\/es\/index.php?rest_route=\/wp\/v2\/posts"}],"about":[{"href":"https:\/\/archive.sana.sy\/es\/index.php?rest_route=\/wp\/v2\/types\/post"}],"author":[{"embeddable":true,"href":"https:\/\/archive.sana.sy\/es\/index.php?rest_route=\/wp\/v2\/users\/32"}],"replies":[{"embeddable":true,"href":"https:\/\/archive.sana.sy\/es\/index.php?rest_route=%2Fwp%2Fv2%2Fcomments&post=232934"}],"version-history":[{"count":0,"href":"https:\/\/archive.sana.sy\/es\/index.php?rest_route=\/wp\/v2\/posts\/232934\/revisions"}],"wp:featuredmedia":[{"embeddable":true,"href":"https:\/\/archive.sana.sy\/es\/index.php?rest_route=\/wp\/v2\/media\/232951"}],"wp:attachment":[{"href":"https:\/\/archive.sana.sy\/es\/index.php?rest_route=%2Fwp%2Fv2%2Fmedia&parent=232934"}],"wp:term":[{"taxonomy":"category","embeddable":true,"href":"https:\/\/archive.sana.sy\/es\/index.php?rest_route=%2Fwp%2Fv2%2Fcategories&post=232934"},{"taxonomy":"post_tag","embeddable":true,"href":"https:\/\/archive.sana.sy\/es\/index.php?rest_route=%2Fwp%2Fv2%2Ftags&post=232934"}],"curies":[{"name":"wp","href":"https:\/\/api.w.org\/{rel}","templated":true}]}}