{"id":232961,"date":"2022-05-10T17:17:19","date_gmt":"2022-05-10T14:17:19","guid":{"rendered":"http:\/\/107.6.182.27\/es\/?p=232961"},"modified":"2023-01-10T16:18:59","modified_gmt":"2023-01-10T14:18:59","slug":"the-guardian-la-alta-tasa-de-inflacion-esta-sofocando-a-los-britanicos","status":"publish","type":"post","link":"https:\/\/archive.sana.sy\/es\/?p=232961","title":{"rendered":"The Guardian: La alta tasa de inflaci\u00f3n est\u00e1 sofocando a los brit\u00e1nicos"},"content":{"rendered":"<p style=\"text-align: justify\"><span style=\"color: #800000\"><strong>Londres, 10 may (SANA)<\/strong> <\/span>La repercusi\u00f3n de la crisis de Ucrania y las medidas aplicadas contra Rusia, el covid y el Brexti son factores que han comenzado a afectar significativamente a los hogares brit\u00e1nicos, seg\u00fan subrayaron varios analistas econ\u00f3micos.<\/p>\n<p style=\"text-align: justify\">Michael Saunders, miembro del comit\u00e9 de pol\u00edtica monetaria (MPC) del Banco de Inglaterra, precis\u00f3 que la inflaci\u00f3n era &#8220;inc\u00f3modamente alta&#8221; ya que los brit\u00e1nicos se ven presionados por el aumento de las facturas de energ\u00eda, alimentos y combustible, public\u00f3 hoy el diario The Guardian.<\/p>\n<p style=\"text-align: justify\">El economista expres\u00f3 su preocupaci\u00f3n por las expectativas que pronostican la duraci\u00f3n de una mayor inflaci\u00f3n por m\u00e1s tiempo de lo esperado.<\/p>\n<p style=\"text-align: justify\">Estas advertencias las repiti\u00f3 Andy Haldane, el ex jefe de economistas del Banco cuando se\u00f1al\u00f3 que las altas tasas de inflaci\u00f3n podr\u00edan mantenerse durante &#8220;a\u00f1os y no solamente meses&#8221;.<\/p>\n<p style=\"text-align: justify\">Es de se\u00f1alar que el s\u00e1bado pasado, la cotizaci\u00f3n de la libra esterlina cay\u00f3 a su nivel m\u00e1s bajo en casi dos a\u00f1os debido a preocupaciones por el impacto catastr\u00f3fico del r\u00e1pido aumento de la inflaci\u00f3n en el crecimiento econ\u00f3mico del pa\u00eds.<\/p>\n<p style=\"text-align: justify\">\n<p style=\"text-align: justify\">\nla<\/p>\n","protected":false},"excerpt":{"rendered":"<p>Londres, 10 may (SANA) La repercusi\u00f3n de la crisis de Ucrania y las medidas aplicadas contra Rusia, el covid y el Brexti son factores que han comenzado a afectar significativamente a los hogares brit\u00e1nicos, seg\u00fan subrayaron varios analistas econ\u00f3micos. Michael Saunders, miembro del comit\u00e9 de pol\u00edtica monetaria (MPC) del Banco de Inglaterra, precis\u00f3 que la &hellip;<\/p>\n","protected":false},"author":24,"featured_media":232962,"comment_status":"closed","ping_status":"closed","sticky":false,"template":"","format":"standard","meta":{"footnotes":""},"categories":[597,456],"tags":[],"class_list":["post-232961","post","type-post","status-publish","format-standard","has-post-thumbnail","","category-cinta-de-noticias","category-arabe-internacional-politica"],"_links":{"self":[{"href":"https:\/\/archive.sana.sy\/es\/index.php?rest_route=\/wp\/v2\/posts\/232961"}],"collection":[{"href":"https:\/\/archive.sana.sy\/es\/index.php?rest_route=\/wp\/v2\/posts"}],"about":[{"href":"https:\/\/archive.sana.sy\/es\/index.php?rest_route=\/wp\/v2\/types\/post"}],"author":[{"embeddable":true,"href":"https:\/\/archive.sana.sy\/es\/index.php?rest_route=\/wp\/v2\/users\/24"}],"replies":[{"embeddable":true,"href":"https:\/\/archive.sana.sy\/es\/index.php?rest_route=%2Fwp%2Fv2%2Fcomments&post=232961"}],"version-history":[{"count":0,"href":"https:\/\/archive.sana.sy\/es\/index.php?rest_route=\/wp\/v2\/posts\/232961\/revisions"}],"wp:featuredmedia":[{"embeddable":true,"href":"https:\/\/archive.sana.sy\/es\/index.php?rest_route=\/wp\/v2\/media\/232962"}],"wp:attachment":[{"href":"https:\/\/archive.sana.sy\/es\/index.php?rest_route=%2Fwp%2Fv2%2Fmedia&parent=232961"}],"wp:term":[{"taxonomy":"category","embeddable":true,"href":"https:\/\/archive.sana.sy\/es\/index.php?rest_route=%2Fwp%2Fv2%2Fcategories&post=232961"},{"taxonomy":"post_tag","embeddable":true,"href":"https:\/\/archive.sana.sy\/es\/index.php?rest_route=%2Fwp%2Fv2%2Ftags&post=232961"}],"curies":[{"name":"wp","href":"https:\/\/api.w.org\/{rel}","templated":true}]}}