{"id":232964,"date":"2022-05-10T17:59:41","date_gmt":"2022-05-10T14:59:41","guid":{"rendered":"http:\/\/107.6.182.27\/es\/?p=232964"},"modified":"2023-01-10T14:03:52","modified_gmt":"2023-01-10T12:03:52","slug":"ministro-al-ghabash-examina-con-el-presidente-del-cicr-vias-de-afianzar-la-cooperacion-en-materia-de-salud","status":"publish","type":"post","link":"https:\/\/archive.sana.sy\/es\/?p=232964","title":{"rendered":"Ministro al-Ghabash examina con el Presidente del CICR v\u00edas de afianzar la cooperaci\u00f3n en materia de salud"},"content":{"rendered":"<p style=\"text-align: justify\"><span style=\"color: #800000\"><strong>Damasco, 10 may (SANA)<\/strong><\/span> El ministro de Salud, Hassan al-Ghabash, se reuni\u00f3 este martes con Peter Maurer, presidente del Comit\u00e9 Internacional de la Cruz Roja. Ambas partes abordaron las v\u00edas para afianzar la labor humanitaria bilateral en materia sanitaria y los servicios de salud.<\/p>\n<p style=\"text-align: justify\">En declaraciones a la prensa, el ministro al-Ghabash precis\u00f3 que durante el encuentro se debati\u00f3 la situaci\u00f3n actual del sector de la salud en Siria y los pasos a tomar para mejorar la cooperaci\u00f3n entre el Ministerio y el Comit\u00e9 al respecto.<\/p>\n<p style=\"text-align: justify\">Enfatiz\u00f3 el importante papel que ha desempe\u00f1ado el CICR durante todos los a\u00f1os de la guerra terrorista en Siria.<\/p>\n<p style=\"text-align: justify\">Por su parte, Maurer indic\u00f3 que se discutieron algunos puntos para elevar el nivel de preparaci\u00f3n, garantizar la continuaci\u00f3n de la cooperaci\u00f3n y el acceso al mayor n\u00famero posible de beneficiarios.<\/p>\n<p style=\"text-align: justify\">la<\/p>\n","protected":false},"excerpt":{"rendered":"<p>Damasco, 10 may (SANA) El ministro de Salud, Hassan al-Ghabash, se reuni\u00f3 este martes con Peter Maurer, presidente del Comit\u00e9 Internacional de la Cruz Roja. Ambas partes abordaron las v\u00edas para afianzar la labor humanitaria bilateral en materia sanitaria y los servicios de salud. En declaraciones a la prensa, el ministro al-Ghabash precis\u00f3 que durante &hellip;<\/p>\n","protected":false},"author":24,"featured_media":232965,"comment_status":"closed","ping_status":"closed","sticky":false,"template":"","format":"standard","meta":{"footnotes":""},"categories":[447,597,476,7541],"tags":[],"class_list":["post-232964","post","type-post","status-publish","format-standard","has-post-thumbnail","","category-local-politica","category-cinta-de-noticias","category-locales","category-ultimas-noticias"],"_links":{"self":[{"href":"https:\/\/archive.sana.sy\/es\/index.php?rest_route=\/wp\/v2\/posts\/232964"}],"collection":[{"href":"https:\/\/archive.sana.sy\/es\/index.php?rest_route=\/wp\/v2\/posts"}],"about":[{"href":"https:\/\/archive.sana.sy\/es\/index.php?rest_route=\/wp\/v2\/types\/post"}],"author":[{"embeddable":true,"href":"https:\/\/archive.sana.sy\/es\/index.php?rest_route=\/wp\/v2\/users\/24"}],"replies":[{"embeddable":true,"href":"https:\/\/archive.sana.sy\/es\/index.php?rest_route=%2Fwp%2Fv2%2Fcomments&post=232964"}],"version-history":[{"count":0,"href":"https:\/\/archive.sana.sy\/es\/index.php?rest_route=\/wp\/v2\/posts\/232964\/revisions"}],"wp:featuredmedia":[{"embeddable":true,"href":"https:\/\/archive.sana.sy\/es\/index.php?rest_route=\/wp\/v2\/media\/232965"}],"wp:attachment":[{"href":"https:\/\/archive.sana.sy\/es\/index.php?rest_route=%2Fwp%2Fv2%2Fmedia&parent=232964"}],"wp:term":[{"taxonomy":"category","embeddable":true,"href":"https:\/\/archive.sana.sy\/es\/index.php?rest_route=%2Fwp%2Fv2%2Fcategories&post=232964"},{"taxonomy":"post_tag","embeddable":true,"href":"https:\/\/archive.sana.sy\/es\/index.php?rest_route=%2Fwp%2Fv2%2Ftags&post=232964"}],"curies":[{"name":"wp","href":"https:\/\/api.w.org\/{rel}","templated":true}]}}