{"id":232984,"date":"2022-05-10T20:07:54","date_gmt":"2022-05-10T17:07:54","guid":{"rendered":"http:\/\/107.6.182.27\/es\/?p=232984"},"modified":"2023-01-10T16:18:58","modified_gmt":"2023-01-10T14:18:58","slug":"guardianes-de-la-revolucion-de-iran-arrestan-a-cinco-terroristas-en-el-noroeste-del-pais","status":"publish","type":"post","link":"https:\/\/archive.sana.sy\/es\/?p=232984","title":{"rendered":"Guardianes de la Revoluci\u00f3n de Ir\u00e1n arrestan a cinco terroristas en el noroeste del pa\u00eds"},"content":{"rendered":"<p style=\"text-align: justify\"><span style=\"color: #800000\"><strong>Teher\u00e1n, 10 may (SANA)<\/strong> <\/span>La Guardia Revolucionaria iran\u00ed detuvo a cinco terroristas en el noroeste de Ir\u00e1n.<\/p>\n<p style=\"text-align: justify\">En un comunicado, el cuartel general de Hamza Sayyid al-Shuhada de las fuerzas terrestres del Cuerpo de Guardianes de la Revoluci\u00f3n de Ir\u00e1n inform\u00f3 que cinco miembros de una c\u00e9lula terrorista fueron arrestados en la ciudad de Baneh en la provincia de Kurdist\u00e1n localizada en la frontera occidental del pa\u00eds.<\/p>\n<p style=\"text-align: justify\">Los sujetos planificaban llevar a cabo operaciones de sabotaje en el noroeste de Ir\u00e1n, subray\u00f3 el comunicado.<\/p>\n<p style=\"text-align: justify\">Asimismo se\u00f1al\u00f3 que las fuerzas iranies decomisaron a los terroristas armamento y municiones.<\/p>\n<p style=\"text-align: justify\">\n<p style=\"text-align: justify\">la<\/p>\n","protected":false},"excerpt":{"rendered":"<p>Teher\u00e1n, 10 may (SANA) La Guardia Revolucionaria iran\u00ed detuvo a cinco terroristas en el noroeste de Ir\u00e1n. En un comunicado, el cuartel general de Hamza Sayyid al-Shuhada de las fuerzas terrestres del Cuerpo de Guardianes de la Revoluci\u00f3n de Ir\u00e1n inform\u00f3 que cinco miembros de una c\u00e9lula terrorista fueron arrestados en la ciudad de Baneh &hellip;<\/p>\n","protected":false},"author":24,"featured_media":232985,"comment_status":"closed","ping_status":"closed","sticky":false,"template":"","format":"standard","meta":{"footnotes":""},"categories":[597,456],"tags":[],"class_list":["post-232984","post","type-post","status-publish","format-standard","has-post-thumbnail","","category-cinta-de-noticias","category-arabe-internacional-politica"],"_links":{"self":[{"href":"https:\/\/archive.sana.sy\/es\/index.php?rest_route=\/wp\/v2\/posts\/232984"}],"collection":[{"href":"https:\/\/archive.sana.sy\/es\/index.php?rest_route=\/wp\/v2\/posts"}],"about":[{"href":"https:\/\/archive.sana.sy\/es\/index.php?rest_route=\/wp\/v2\/types\/post"}],"author":[{"embeddable":true,"href":"https:\/\/archive.sana.sy\/es\/index.php?rest_route=\/wp\/v2\/users\/24"}],"replies":[{"embeddable":true,"href":"https:\/\/archive.sana.sy\/es\/index.php?rest_route=%2Fwp%2Fv2%2Fcomments&post=232984"}],"version-history":[{"count":0,"href":"https:\/\/archive.sana.sy\/es\/index.php?rest_route=\/wp\/v2\/posts\/232984\/revisions"}],"wp:featuredmedia":[{"embeddable":true,"href":"https:\/\/archive.sana.sy\/es\/index.php?rest_route=\/wp\/v2\/media\/232985"}],"wp:attachment":[{"href":"https:\/\/archive.sana.sy\/es\/index.php?rest_route=%2Fwp%2Fv2%2Fmedia&parent=232984"}],"wp:term":[{"taxonomy":"category","embeddable":true,"href":"https:\/\/archive.sana.sy\/es\/index.php?rest_route=%2Fwp%2Fv2%2Fcategories&post=232984"},{"taxonomy":"post_tag","embeddable":true,"href":"https:\/\/archive.sana.sy\/es\/index.php?rest_route=%2Fwp%2Fv2%2Ftags&post=232984"}],"curies":[{"name":"wp","href":"https:\/\/api.w.org\/{rel}","templated":true}]}}