{"id":23299,"date":"2015-05-15T17:37:00","date_gmt":"2015-05-15T14:37:00","guid":{"rendered":"http:\/\/sana.sy\/es\/?p=23299"},"modified":"2015-05-15T17:37:00","modified_gmt":"2015-05-15T14:37:00","slug":"irak-dos-atentados-terroristas-dejan-varios-muertos-y-heridos","status":"publish","type":"post","link":"https:\/\/archive.sana.sy\/es\/?p=23299","title":{"rendered":"Irak: dos atentados terroristas dejan varios muertos y heridos"},"content":{"rendered":"<p><span style=\"color: #0000ff\">Bagdad-SANA<\/span><\/p>\n<p style=\"text-align: justify\">Por lo menos una decena de personas murieron y varias otras resultaron heridas en dos atentados con coches bomba en la provincia de Al Anbar de la ciudad Ramadi, a 110 kil\u00f3metros al oeste de Bagdad en Iraq, uno de los cuales fueron contra una instituci\u00f3n del Estado y otro contra un colegio.<\/p>\n<p style=\"text-align: justify\">Fuentes militares explicaron que el primer atentado fue perpetrado con un carro bomba junto al edificio de la Gobernaci\u00f3n de la localidad al-Anbar , mientras un suicida procedi\u00f3 de igual manera deton\u00f3 la carga de explosivos cerca de la escuela de Abi Zar al-Gafari.<\/p>\n<p style=\"text-align: justify\">Es de se\u00f1alar, que Ramadi es una de las pocas \u00e1reas entre Bagdad y la frontera de Siria que no est\u00e1 bajo control de los fundamentalistas.<\/p>\n<p><span style=\"color: #800000\">M.Miri<\/span><\/p>\n","protected":false},"excerpt":{"rendered":"<p>Bagdad-SANA Por lo menos una decena de personas murieron y varias otras resultaron heridas en dos atentados con coches bomba en la provincia de Al Anbar de la ciudad Ramadi, a 110 kil\u00f3metros al oeste de Bagdad en Iraq, uno de los cuales fueron contra una instituci\u00f3n del Estado y otro contra un colegio. Fuentes &hellip;<\/p>\n","protected":false},"author":1,"featured_media":23300,"comment_status":"closed","ping_status":"closed","sticky":false,"template":"","format":"standard","meta":{"footnotes":""},"categories":[457,576],"tags":[5270],"class_list":["post-23299","post","type-post","status-publish","format-standard","has-post-thumbnail","","category-noticias-arabe-internacional-politica","category-noticias-politicas","tag-irak-dos-atentados-terroristas-dejan-varios-muertos-y-heridos"],"_links":{"self":[{"href":"https:\/\/archive.sana.sy\/es\/index.php?rest_route=\/wp\/v2\/posts\/23299"}],"collection":[{"href":"https:\/\/archive.sana.sy\/es\/index.php?rest_route=\/wp\/v2\/posts"}],"about":[{"href":"https:\/\/archive.sana.sy\/es\/index.php?rest_route=\/wp\/v2\/types\/post"}],"author":[{"embeddable":true,"href":"https:\/\/archive.sana.sy\/es\/index.php?rest_route=\/wp\/v2\/users\/1"}],"replies":[{"embeddable":true,"href":"https:\/\/archive.sana.sy\/es\/index.php?rest_route=%2Fwp%2Fv2%2Fcomments&post=23299"}],"version-history":[{"count":0,"href":"https:\/\/archive.sana.sy\/es\/index.php?rest_route=\/wp\/v2\/posts\/23299\/revisions"}],"wp:featuredmedia":[{"embeddable":true,"href":"https:\/\/archive.sana.sy\/es\/index.php?rest_route=\/wp\/v2\/media\/23300"}],"wp:attachment":[{"href":"https:\/\/archive.sana.sy\/es\/index.php?rest_route=%2Fwp%2Fv2%2Fmedia&parent=23299"}],"wp:term":[{"taxonomy":"category","embeddable":true,"href":"https:\/\/archive.sana.sy\/es\/index.php?rest_route=%2Fwp%2Fv2%2Fcategories&post=23299"},{"taxonomy":"post_tag","embeddable":true,"href":"https:\/\/archive.sana.sy\/es\/index.php?rest_route=%2Fwp%2Fv2%2Ftags&post=23299"}],"curies":[{"name":"wp","href":"https:\/\/api.w.org\/{rel}","templated":true}]}}