{"id":233010,"date":"2022-05-10T21:35:21","date_gmt":"2022-05-10T18:35:21","guid":{"rendered":"http:\/\/107.6.182.27\/es\/?p=233010"},"modified":"2022-05-10T21:35:21","modified_gmt":"2022-05-10T18:35:21","slug":"la-casa-blanca-y-la-mania-de-excluir","status":"publish","type":"post","link":"https:\/\/archive.sana.sy\/es\/?p=233010","title":{"rendered":"La Casa Blanca y la man\u00eda de excluir"},"content":{"rendered":"<p style=\"text-align: justify;\"><span style=\"color: #800000;\"><strong>Damasco, 10 may (SANA)<\/strong><\/span> La decisi\u00f3n de excluir a Cuba y otros pa\u00edses de la Cumbre de las Am\u00e9ricas, convocada para junio pr\u00f3ximo en Estados Unidos, parece formar parte de una man\u00eda heredada por el presidente Joe Biden de la administraci\u00f3n Trump: patear el tablero antes de enfrentar los problemas.<\/p>\n<p style=\"text-align: justify;\">Al respecto, el canciller cubano, Bruno Rodr\u00edguez Parrilla, sostuvo que la pretendida medida de la Casa Blanca, que calific\u00f3 de ileg\u00edtima, busca evitar \u201cun an\u00e1lisis verdaderamente serio sobre los problemas que tienen impacto en la vida de millones que habitan en esta parte del mundo\u201d.<\/p>\n<p style=\"text-align: justify;\">El anuncio estadounidense fue rechazado abiertamente por varios pa\u00edses de la regi\u00f3n, as\u00ed como por el Grupo de Puebla, la Comunidad de Estados Latinoamericanos y Caribe\u00f1os (Celac) y la Alianza Bolivariana para los Pueblos de Nuestra Am\u00e9rica-Tratado de Comercio de los Pueblos (ALBA-TCP), entre otros.<\/p>\n<p style=\"text-align: justify;\">Analistas latinoamericanos y caribe\u00f1os coincidieron esta semana en que la anunciada exclusi\u00f3n pretende ocultar los logros alcanzados por Cuba, por ejemplo, en el enfrentamiento de la pandemia de la Covid-19, tanto dentro como fuera de la isla, ya que la salud ser\u00e1 uno de los temas centrales de la agenda.<\/p>\n<p style=\"text-align: justify;\">La isla caribe\u00f1a no solo elabor\u00f3 vacunas propias contra el coronavirus SARS-CoV-2, sino que las aplic\u00f3 en un masivo esquema de vacunaci\u00f3n dentro y fuera de la isla, alcanzando una de las mejores estad\u00edsticas de inmunizaci\u00f3n de la regi\u00f3n, al parecer un dato inc\u00f3modo para los anfitriones de la Cumbre de Los \u00c1ngeles.<\/p>\n<p style=\"text-align: justify;\">Pero, la exclusi\u00f3n -que afectar\u00eda tambi\u00e9n a Venezuela y Nicaragua- tendr\u00eda que ver tambi\u00e9n con la err\u00e1tica pol\u00edtica migratoria de Washington, otro de los temas sensibles de la agenda.<\/p>\n<p style=\"text-align: justify;\">En ese tema, la actual administraci\u00f3n -que mantiene en pie el muro de Trump en la frontera con M\u00e9xico- viene aplicando estrictas medidas discriminatorias contra miles de migrantes, que huyen del deterioro econ\u00f3mico de sus pa\u00edses en medio de la actual pandemia.<\/p>\n<p style=\"text-align: justify;\">Esa man\u00eda de excluir a migrantes y ahora tambi\u00e9n a jefes de Estado dispuestos a enfrentar los profundos problemas de la regi\u00f3n en Los \u00c1ngeles, se viene usando desde hace a\u00f1os, adem\u00e1s, contra periodistas y otros intelectuales que no responden a los intereses de Washington.<\/p>\n<p style=\"text-align: justify;\">Excorresponsales de esta Agencia Informativa Latinoamericana recordaron que las restricciones de las autoridades de Estados Unidos afectaron su normal actividad period\u00edstica desde que se instal\u00f3 en la sede de Naciones Unidas hace 60 a\u00f1os, con la detenci\u00f3n y posterior liberaci\u00f3n del periodista Francisco V. Portela, por agentes del FBI.<\/p>\n<p style=\"text-align: justify;\">El primer ataque, agregaron, ocurri\u00f3 en 1960, cuando su oficina (que estaba en Washington) debi\u00f3 trasladarse a la sede de la ONU en Nueva York debido a la persecuci\u00f3n de sus integrantes. All\u00ed, los profesionales, que durante a\u00f1os tuvieron movimiento limitado a 25 millas alrededor del Columbus Circle, solo pueden escribir sobre temas del organismo mundial.<\/p>\n<p style=\"text-align: justify;\">Por otro lado, las visas concedidas hasta ahora a los corresponsales de Prensa Latina en la ONU establecen una sola entrada a territorio de Estados Unidos y, cada vez que salen de ese pa\u00eds, tienen que volver a solicitar el permiso en la embajada estadounidense en La Habana, proceso que siempre demora, incluso varios meses.<\/p>\n<p style=\"text-align: justify;\">En una ocasi\u00f3n, el Departamento de Estado deneg\u00f3 la visa a dos periodistas de esta agencia acreditados ante la ONU, lo que fue rectificado tras protestas registradas en la sede de esa organizaci\u00f3n y en varios pa\u00edses.<\/p>\n<p style=\"text-align: justify;\">Organizaciones de periodistas de la regi\u00f3n denunciaron esta semana la prolongada demora (virtual negativa) de visados a los actuales corresponsales de Prensa Latina en Washington y en la ONU, violando elementales normas de prensa y de los organismos internacionales.<\/p>\n<p style=\"text-align: justify;\">El presidente Biden, a quien al parecer le cuesta diferenciarse de Trump, acaba de sustituir a su secretaria de Prensa, Jen Psaki, por Karine Jean-Pierre, quien asumir\u00e1 el cargo el venidero d\u00eda 13, quien deber\u00e1 anunciar si continuar\u00e1 o no con la presente man\u00eda de excluir.<\/p>\n<p><strong>Fuente: Prensa Latina<\/strong><\/p>\n","protected":false},"excerpt":{"rendered":"<p>Damasco, 10 may (SANA) La decisi\u00f3n de excluir a Cuba y otros pa\u00edses de la Cumbre de las Am\u00e9ricas, convocada para junio pr\u00f3ximo en Estados Unidos, parece formar parte de una man\u00eda heredada por el presidente Joe Biden de la administraci\u00f3n Trump: patear el tablero antes de enfrentar los problemas. Al respecto, el canciller cubano, &hellip;<\/p>\n","protected":false},"author":36,"featured_media":233011,"comment_status":"closed","ping_status":"closed","sticky":false,"template":"","format":"standard","meta":{"footnotes":""},"categories":[16929,456,457,7541],"tags":[],"class_list":["post-233010","post","type-post","status-publish","format-standard","has-post-thumbnail","","category-articulos-de-opinion","category-arabe-internacional-politica","category-noticias-arabe-internacional-politica","category-ultimas-noticias"],"_links":{"self":[{"href":"https:\/\/archive.sana.sy\/es\/index.php?rest_route=\/wp\/v2\/posts\/233010"}],"collection":[{"href":"https:\/\/archive.sana.sy\/es\/index.php?rest_route=\/wp\/v2\/posts"}],"about":[{"href":"https:\/\/archive.sana.sy\/es\/index.php?rest_route=\/wp\/v2\/types\/post"}],"author":[{"embeddable":true,"href":"https:\/\/archive.sana.sy\/es\/index.php?rest_route=\/wp\/v2\/users\/36"}],"replies":[{"embeddable":true,"href":"https:\/\/archive.sana.sy\/es\/index.php?rest_route=%2Fwp%2Fv2%2Fcomments&post=233010"}],"version-history":[{"count":0,"href":"https:\/\/archive.sana.sy\/es\/index.php?rest_route=\/wp\/v2\/posts\/233010\/revisions"}],"wp:featuredmedia":[{"embeddable":true,"href":"https:\/\/archive.sana.sy\/es\/index.php?rest_route=\/wp\/v2\/media\/233011"}],"wp:attachment":[{"href":"https:\/\/archive.sana.sy\/es\/index.php?rest_route=%2Fwp%2Fv2%2Fmedia&parent=233010"}],"wp:term":[{"taxonomy":"category","embeddable":true,"href":"https:\/\/archive.sana.sy\/es\/index.php?rest_route=%2Fwp%2Fv2%2Fcategories&post=233010"},{"taxonomy":"post_tag","embeddable":true,"href":"https:\/\/archive.sana.sy\/es\/index.php?rest_route=%2Fwp%2Fv2%2Ftags&post=233010"}],"curies":[{"name":"wp","href":"https:\/\/api.w.org\/{rel}","templated":true}]}}