{"id":23302,"date":"2015-05-15T17:52:05","date_gmt":"2015-05-15T14:52:05","guid":{"rendered":"http:\/\/sana.sy\/es\/?p=23302"},"modified":"2015-05-15T17:54:35","modified_gmt":"2015-05-15T14:54:35","slug":"ordenes-de-detencion-contra-10-comandantes-por-detener-los-camiones-del-mit-en-su-camino-a-siria","status":"publish","type":"post","link":"https:\/\/archive.sana.sy\/es\/?p=23302","title":{"rendered":"\u00d3rdenes de detenci\u00f3n contra 10 comandantes turcos por detener los camiones del MIT en su camino a Siria"},"content":{"rendered":"<p><span style=\"color: #0000ff\">Ankara-SANA<\/span><\/p>\n<p style=\"text-align: justify\">Se han emitido \u00f3rdenes de detenci\u00f3n contra diez comandantes de la gendarmer\u00eda que estuvieron involucrados en el registro de enero de 2014 a los camiones del MIT, servicio secreto turco, con destino a Siria.<\/p>\n<p style=\"text-align: justify\">Los camiones fueron parados por los gendarmes en dos incidentes en las provincias de Hatay y Adana despu\u00e9s de que los fiscales recibieran el aviso de que llevaban armas a Siria.<\/p>\n<p style=\"text-align: justify\">Conviene mencionar que, En enero del a\u00f1o pasado, gendarmes pararon y registraron los camiones del MIT en Adana. Lo que se descubri\u00f3 en ellos no se hizo p\u00fablico a la prensa, pero el MIT declar\u00f3 m\u00e1s tarde que los camiones cargaban ayuda humanitaria para los sirios afectados por la guerra. Mientras tanto, el entonces primer ministro Recep Tayyip Erdo\u011fan dijo en un programa de televisi\u00f3n que los camiones llevaban ayuda a los turkmenos en Siria.<\/p>\n<p style=\"text-align: justify\">Muchos oficiales de alto nivel de Turqu\u00eda, incluyendo el entonces presidente Abdullah G\u00fcl, dijo que el cargamento de los camiones era un \u201csecreto de Estado\u201d, lo que llev\u00f3 a muchos a especular que los camiones llevaban armas.<\/p>\n<p><span style=\"color: #800000\">M.Miri<\/span><\/p>\n","protected":false},"excerpt":{"rendered":"<p>Ankara-SANA Se han emitido \u00f3rdenes de detenci\u00f3n contra diez comandantes de la gendarmer\u00eda que estuvieron involucrados en el registro de enero de 2014 a los camiones del MIT, servicio secreto turco, con destino a Siria. Los camiones fueron parados por los gendarmes en dos incidentes en las provincias de Hatay y Adana despu\u00e9s de que &hellip;<\/p>\n","protected":false},"author":1,"featured_media":23303,"comment_status":"closed","ping_status":"closed","sticky":false,"template":"","format":"standard","meta":{"footnotes":""},"categories":[457,576],"tags":[5271,5272],"class_list":["post-23302","post","type-post","status-publish","format-standard","has-post-thumbnail","","category-noticias-arabe-internacional-politica","category-noticias-politicas","tag-ordenes-de-detencion-contra-10-comandantes-por-detener-los-camiones-del-mit-en-su-camino-a-siria","tag-ordenes-de-detencion-contra-10-comandantes-turcos-por-detener-los-camiones-del-mit-en-su-camino-a-siria"],"_links":{"self":[{"href":"https:\/\/archive.sana.sy\/es\/index.php?rest_route=\/wp\/v2\/posts\/23302"}],"collection":[{"href":"https:\/\/archive.sana.sy\/es\/index.php?rest_route=\/wp\/v2\/posts"}],"about":[{"href":"https:\/\/archive.sana.sy\/es\/index.php?rest_route=\/wp\/v2\/types\/post"}],"author":[{"embeddable":true,"href":"https:\/\/archive.sana.sy\/es\/index.php?rest_route=\/wp\/v2\/users\/1"}],"replies":[{"embeddable":true,"href":"https:\/\/archive.sana.sy\/es\/index.php?rest_route=%2Fwp%2Fv2%2Fcomments&post=23302"}],"version-history":[{"count":0,"href":"https:\/\/archive.sana.sy\/es\/index.php?rest_route=\/wp\/v2\/posts\/23302\/revisions"}],"wp:featuredmedia":[{"embeddable":true,"href":"https:\/\/archive.sana.sy\/es\/index.php?rest_route=\/wp\/v2\/media\/23303"}],"wp:attachment":[{"href":"https:\/\/archive.sana.sy\/es\/index.php?rest_route=%2Fwp%2Fv2%2Fmedia&parent=23302"}],"wp:term":[{"taxonomy":"category","embeddable":true,"href":"https:\/\/archive.sana.sy\/es\/index.php?rest_route=%2Fwp%2Fv2%2Fcategories&post=23302"},{"taxonomy":"post_tag","embeddable":true,"href":"https:\/\/archive.sana.sy\/es\/index.php?rest_route=%2Fwp%2Fv2%2Ftags&post=23302"}],"curies":[{"name":"wp","href":"https:\/\/api.w.org\/{rel}","templated":true}]}}